{"id":974,"date":"2018-07-31T18:30:36","date_gmt":"2018-07-31T18:30:36","guid":{"rendered":"http:\/\/www.freundeskreis-muehlhaeuser-museen.de\/?p=974"},"modified":"2018-07-31T18:30:36","modified_gmt":"2018-07-31T18:30:36","slug":"freundesbrief-juli-2018","status":"publish","type":"post","link":"https:\/\/www.freundeskreis-muehlhaeuser-museen.de\/?p=974","title":{"rendered":"Freundesbrief Juli 2018"},"content":{"rendered":"<p><span style=\"font-family: Arial, sans-serif;\">Liebe Freunde der M\u00fchlh\u00e4user Museen, <\/span><\/p>\n<p align=\"JUSTIFY\"><span style=\"font-family: Arial, sans-serif;\">auch in diesem Jahr m\u00f6chte ich Ihnen rechtzeitig zu Beginn der Sommer- und Urlaubszeit einen Freundesbrief zusenden, um auf die Veranstaltungen der ersten Jahresh\u00e4lfte zur\u00fcckzublicken und auf Kommendes zu verweisen. <\/span><\/p>\n<p align=\"JUSTIFY\"><!--more--><\/p>\n<p align=\"JUSTIFY\"><span style=\"font-family: Arial, sans-serif;\">Am 28. Januar 2018 wurde zum vierten Mal der Friedrich-August-St\u00fcler-Preis des Freundeskreises M\u00fchlh\u00e4user Museen vergeben. Preistr\u00e4gerin in diesem Jahr ist die Studentin f\u00fcr Konservierung und Restaurierung (FH Erfurt) Manon Kelling. Mit einem im Jahr 2017 erarbeiteten Ma\u00dfnahmenkonzept zur Restaurierung des M\u00fchlh\u00e4user Souvenir-Porzellans aus dem Sammlungsbestand der M\u00fchlh\u00e4user Museen und der Durchf\u00fchrung aller empfohlenen Schritte zur Rettung des kostbaren Porzellans konnte die angehende Restauratorin die Jury des Freundeskreises \u00fcberzeugen. Nach der Durchf\u00fchrung der umsichtigen Restaurierungsma\u00dfnahmen wird ein Teil des Bestandes mittlerweile im Kulturhistorischen Museum in der neuen Dauerausstellung zur M\u00fchlh\u00e4user Stadtgeschichte pr\u00e4sentiert.&nbsp;<\/span><\/p>\n<p align=\"JUSTIFY\"><span style=\"font-family: Arial, sans-serif;\">Unsere diesj\u00e4hrige Mitgliederversammlung fand am 21. M\u00e4rz in der Rathaushalle statt. Ca. 75 Vereinsmitglieder fanden sich ein, um die Jahresrechnung <\/span><span style=\"font-family: Arial, sans-serif;\">2017<\/span><span style=\"font-family: Arial, sans-serif;\"> zu genehmigen und den Vorstand zu entlasten. Den auf der Mitgliederversammlung von unserem langj\u00e4hrigen Mitglied Walter B\u00fctof eingebrachten Vorschlag zur Organisation einer Reise auf den Spuren Friedrich August St\u00fclers nach Berlin hat der Vorstand des Freundeskreises aufgegriffen. In der Anlage f\u00fcgen wir das Angebot des TUI-Reiseb\u00fcros bei. Ich darf Sie bitten, auf dem beigef\u00fcgten Antwortschreiben Ihr Interessse an der Reise im November 2018 zu bekunden.<\/span><\/p>\n<p align=\"JUSTIFY\"><span style=\"font-family: Arial, sans-serif;\">Am 24. M\u00e4rz 2018 konnten die Mitglieder unseres Freundeskreises an zwei explizit f\u00fcr den Freundeskreis organisierten Sonderf\u00fchrungen durch den Themenraum \u201eB\u00fcrgerStadt\u201c teilnehmen, was erfreulicherweise auf eine sehr gro\u00dfe Resonanz stie\u00df. <\/span><\/p>\n<p align=\"JUSTIFY\"><span style=\"font-family: Arial, sans-serif;\">Bez\u00fcglich des diesj\u00e4hrigen Benefizkonzertes am 8. Mai in der Kornmarktkirche hatten wir einen musikalischen Hochgenuss versprochen \u2013 das \u201eRheingold Trio\u201c \u00fcbertraf die Erwartungen bei weitem. Mit begeistertem Applaus feierte das Publikum am Ende des Konzertes die Darbietungen der Fagottistin Lydia Pantzier und der Geschwister Bettina Aust (Klarinette) und Robert Aust (Klavier). Mit den Einnahmen des Benefizkonzertes kann nunmehr ein historisches Laufrad aus der Zeit 1860 \/ 1880 restauriert werden, um anschlie\u00dfend seinen Platz im Museum am Kristanplatz im k\u00fcnftigen Themenraum \u201eIndustrieStadt\u201c einzunehmen. <\/span><\/p>\n<p align=\"JUSTIFY\"><span style=\"font-family: Arial, sans-serif;\">Liebe Freunde der M\u00fchlh\u00e4user Museen, gestatten Sie mir bitte, einen Ausblick auf die bereits feststehenden Termine und Veranstaltungen der zweiten Jahresh\u00e4lfte zu skizzieren. <\/span><\/p>\n<p align=\"JUSTIFY\"><span style=\"font-family: Arial, sans-serif;\">Am 18. August 2018 findet die M\u00fchlh\u00e4user Museumsnacht in einer etwas anderen Form als bisher gewohnt statt. Dabei wird sich der Freundeskreis erstmals mit einem Stand (Fettbrote, Hessischer Apfelwein) in der Zeit von 18:00 bis 20:00 Uhr am Kulturhistorischen Museum einbringen. Musikalisch unterst\u00fctzt werden wir dabei von den \u201eKulturbund Swingers\u201c. F\u00fcr das Schmieren von Fettbroten und den Ausschank von Hessischem Apfelwein werden einige flei\u00dfige Helfer gesucht, genauso wie f\u00fcr die traditionelle Pr\u00e4sentation unseres Freundeskreises auf dem am Kirmessonntag, 26. August, ab 12:00 Uhr, stattfindenden Handwerkermarkt. Zum Handwerkermarkt werden wir die schon bekannten \u201eM\u00fchlh\u00e4user Pfl\u00f6cke\u201c backen, Apfelwein, Bier und Kaffee ausschenken. Ebenso wird wieder reichlich selbstgebackener Kuchen (Pflaumenkuchen bevorzugt) ben\u00f6tigt. Alle potentiellen Helfer und Kuchenb\u00e4cker melden sich bitte zeitnah bei Iris Henning (Tel. 036026 97530, Mail: <\/span><span style=\"color: #0000ff;\"><u><a href=\"mailto:redaktion@iris-henning.de\"><span style=\"font-family: Arial, sans-serif;\">redaktion@iris-henning.de<\/span><\/a><\/u><\/span><span style=\"font-family: Arial, sans-serif;\">). F\u00fcr den Aufbau unseres Standes am 26.08.2018, ab 10:00 Uhr, werden auch einige helfende H\u00e4nde gebraucht. <\/span><\/p>\n<p align=\"JUSTIFY\"><span style=\"font-family: Arial, sans-serif;\">Unsere diesj\u00e4hrige Exkursion f\u00fchrt uns am 29. September nach Kassel. Angedacht ist die gemeinsame Fahrt mit dem Bus (Abfahrt M\u00fchlhausen ca. 08:30 Uhr) nach Kassel, um dort ab 10:30 Uhr das Museum f\u00fcr Sepulkralkultur und ab 13:00 Uhr die GRIMMWELT zu besuchen. Dazwischen ist ein Mittagessen im Bistro der GRIMMWELT organisiert. Die Eintrittskosten belaufen sich auf 10,00 \u20ac pro Teilnehmer, hinzukommen die Kosten f\u00fcr den Bus und das Mittagessen. Bei Interesse senden Sie bitte das beigef\u00fcgte Antwortschreiben zur\u00fcck. <\/span><\/p>\n<p align=\"JUSTIFY\"><span style=\"font-family: Arial, sans-serif;\">Statt wie bisher Ende September feiern wir in diesem Jahr unseren Museumsball drei Wochen sp\u00e4ter am 20. Oktober, selbstverst\u00e4ndlich wieder in der Kornmarktkirche. Im nunmehr f\u00fcnften Jahr seines Bestehens begibt sich unser Museumsball auf eine Fahrt mit dem Orient-Express. Sichern Sie sich rechtzeitig Karten f\u00fcr diese Reise von Paris bis Istanbul und seien Sie dabei, wenn am 20. Oktober 2018 erstklassige kulturelle Beitr\u00e4ge, mitrei\u00dfende Musik und beeindruckende K\u00fcnstler zu erleben sind. <\/span><\/p>\n<p align=\"JUSTIFY\"><span style=\"font-family: Arial, sans-serif;\">Dem Vorstand des Freundeskreises ist es eine gro\u00dfe Freude, Ihnen am 11. Dezember, 18:00 Uhr, in der Kornmarktkirche, mit \u201eHappy Weihnukka!\u201c eine weitere hochkar\u00e4tige Benefizveranstaltung pr\u00e4sentieren zu k\u00f6nnen. An diesem au\u00dfergew\u00f6hnlichen vorweihnachtlichen Benefizabend musiziert der Klezmer-Klarinettist Helmut Eisel gemeinsam mit dem Weimarer Amalia-Quartett und einem Kinder- und Jugendchor der schola cantorum weimar und der Chorakademie Erfurt. Die beteiligten Musiker m\u00f6chten Weihnachten und Chanukka, das j\u00fcdische Lichterfest, zu einem fr\u00f6hlichen musikalischen Fest der Begegnung machen, m\u00f6chten Traditionen und Melodien austauschen und gemeinsam an ein zahlreiches Publikum weitergeben. <\/span><\/p>\n<p align=\"JUSTIFY\"><span style=\"font-family: Arial, sans-serif;\">Liebe Freunde der M\u00fchlh\u00e4user Museen, f\u00fcr Ihr au\u00dfergew\u00f6hnliches b\u00fcrgerschaftliches Engagement und Ihre tatkr\u00e4ftige Unterst\u00fctzung unserer Vorhaben darf ich Ihnen sehr herzlich danken und hoffe weiterhin auf Ihre Treue!<\/span><\/p>\n<p align=\"JUSTIFY\"><span style=\"font-family: Arial, sans-serif;\">Mit den besten W\u00fcnschen f\u00fcr die Sommer- und Urlaubszeit verbleibt<\/span><\/p>\n<p align=\"JUSTIFY\"><span style=\"font-family: Arial, sans-serif;\">Ihr<\/span><\/p>\n<p align=\"JUSTIFY\"><span style=\"font-family: Arial, sans-serif;\">Michael Scholl<\/span><\/p>\n","protected":false},"excerpt":{"rendered":"<p>Liebe Freunde der M\u00fchlh\u00e4user Museen, auch in diesem Jahr m\u00f6chte ich Ihnen rechtzeitig zu Beginn der Sommer- und Urlaubszeit einen Freundesbrief zusenden, um auf die Veranstaltungen der ersten Jahresh\u00e4lfte zur\u00fcckzublicken und auf Kommendes zu verweisen.<\/p>\n","protected":false},"author":1,"featured_media":0,"comment_status":"open","ping_status":"open","sticky":false,"template":"","format":"standard","meta":{"footnotes":""},"categories":[2],"tags":[],"_links":{"self":[{"href":"https:\/\/www.freundeskreis-muehlhaeuser-museen.de\/index.php?rest_route=\/wp\/v2\/posts\/974"}],"collection":[{"href":"https:\/\/www.freundeskreis-muehlhaeuser-museen.de\/index.php?rest_route=\/wp\/v2\/posts"}],"about":[{"href":"https:\/\/www.freundeskreis-muehlhaeuser-museen.de\/index.php?rest_route=\/wp\/v2\/types\/post"}],"author":[{"embeddable":true,"href":"https:\/\/www.freundeskreis-muehlhaeuser-museen.de\/index.php?rest_route=\/wp\/v2\/users\/1"}],"replies":[{"embeddable":true,"href":"https:\/\/www.freundeskreis-muehlhaeuser-museen.de\/index.php?rest_route=%2Fwp%2Fv2%2Fcomments&post=974"}],"version-history":[{"count":1,"href":"https:\/\/www.freundeskreis-muehlhaeuser-museen.de\/index.php?rest_route=\/wp\/v2\/posts\/974\/revisions"}],"predecessor-version":[{"id":975,"href":"https:\/\/www.freundeskreis-muehlhaeuser-museen.de\/index.php?rest_route=\/wp\/v2\/posts\/974\/revisions\/975"}],"wp:attachment":[{"href":"https:\/\/www.freundeskreis-muehlhaeuser-museen.de\/index.php?rest_route=%2Fwp%2Fv2%2Fmedia&parent=974"}],"wp:term":[{"taxonomy":"category","embeddable":true,"href":"https:\/\/www.freundeskreis-muehlhaeuser-museen.de\/index.php?rest_route=%2Fwp%2Fv2%2Fcategories&post=974"},{"taxonomy":"post_tag","embeddable":true,"href":"https:\/\/www.freundeskreis-muehlhaeuser-museen.de\/index.php?rest_route=%2Fwp%2Fv2%2Ftags&post=974"}],"curies":[{"name":"wp","href":"https:\/\/api.w.org\/{rel}","templated":true}]}}