{"id":686,"date":"2017-11-06T17:58:59","date_gmt":"2017-11-06T17:58:59","guid":{"rendered":"http:\/\/xn--freundeskreis-mhlhuser-museen-iqc45e.de\/?p=686"},"modified":"2017-11-06T17:58:59","modified_gmt":"2017-11-06T17:58:59","slug":"freundesbrief-juli-2017","status":"publish","type":"post","link":"https:\/\/www.freundeskreis-muehlhaeuser-museen.de\/?p=686","title":{"rendered":"Freundesbrief Juli 2017"},"content":{"rendered":"<p>Liebe Freunde der M\u00fchlh\u00e4user Museen,<\/p>\n<p align=\"JUSTIFY\">wie in jedem Jahr m\u00f6chte ich Ihnen den Freundesbrief zur Sommerzeit zusenden, um auf die Veranstaltungen der ersten Jahresh\u00e4lfte zur\u00fcckzublicken und auf Kommendes zu verweisen.<\/p>\n<p align=\"JUSTIFY\">Unsere obligate Mitgliederversammlung fand am 22. M\u00e4rz in der Rathaushalle statt. Nahezu 80 Vereinsmitglieder fanden sich ein, um die Jahresrechnung 2016 zu genehmigen und den Vorstand zu entlasten.<\/p>\n<p align=\"JUSTIFY\"><!--more-->Das diesj\u00e4hrige Benefizkonzert am 9. Mai in der Kornmarktkirche reiht sich w\u00fcrdig in die vorausgegangenen Benefizveranstaltungen unseres Freundeskreises ein. Die beiden lyrischen Soprane Marietta Zumb\u00fclt und Heike Porstein, begleitet von Olaf Storbeck am Fl\u00fcgel, pr\u00e4sentierten vor ca. 300 begeisterten G\u00e4sten einen wundersch\u00f6nen Abend mit Duetten von Pergolesi \u00fcber Mozart zu Humperdinck, Strau\u00df und Puccini. Die Einnahmen dieses Benefiz-Abends erm\u00f6glichen die endg\u00fcltige Restaurierung des \u201eK\u00fcppersbusch-Ofens\u201c als Teil des ma\u00dfgeblich vom Freundeskreis finanzierten Themenraumes \u201eB\u00fcrgerSTADT\u201c.<\/p>\n<p align=\"JUSTIFY\">Sehr gut von den Mitgliedern unseres Freundeskreises besucht waren die Sonderf\u00fchrungen durch die Ausstellung \u201eLuthers ungeliebte Br\u00fcder\u201c in der Kornmarktkirche am 29. M\u00e4rz sowie durch das Kunsthaus Meyenburg in Nordhausen am 6. Mai. Die im Kunsthaus pr\u00e4sentierten Kunstwerke der Klassischen Moderne aus der umfangreichen Talanx-Unternehmenssammlung und der HDI Global SE waren das Ziel unserer diesj\u00e4hrigen Exkursion. Die Mitglieder des F\u00f6rdervereins des Kunsthauses Meyenburg erwiesen sich als sehr r\u00fchrige Gastgeber, ein Gegenbesuch im n\u00e4chsten Jahr ist unbedingt vorgesehen.<\/p>\n<p align=\"JUSTIFY\">Am Kirmessonntag, dem 27. August 2017, ab 12:00 Uhr, wird sich der Freundeskreis traditionsgem\u00e4\u00df auf dem Handwerkermarkt pr\u00e4sentieren. F\u00fcr das Backen unserer \u201eM\u00fchlh\u00e4user Pfl\u00f6cke\u201c, den Ausschank von hessischem Apfelwein, Bier und Kaffee sowie zum Schmieren von Fettbroten werden auch in diesem Jahr flei\u00dfige Helfer gesucht. Ebenso wird wieder reichlich selbstgebackener Kuchen (Pflaumenkuchen bevorzugt!) ben\u00f6tigt. Alle potentiellen Helfer melden sich bitte zeitnah bei Iris Henning (Telefon 036026 97530, Mail: <span id=\"cloak50168\">redaktion@iris-henning.de<\/span>). F\u00fcr den Aufbau unseres Standes ab 10:00 Uhr werden auch einige helfende H\u00e4nde gebraucht.<\/p>\n<p align=\"JUSTIFY\">Im nunmehr vierten Jahr seines Bestehens wird unser Museumsball mediterran. Unter dem Motto \u201eSpanische N\u00e4chte\u201c l\u00e4dt der Freundeskreis alle Ballbegeisterten f\u00fcr den 23. September in die Kornmarktkirche ein. Restkarten sind noch erh\u00e4ltlich. Die Einnahmen der diesj\u00e4hrigen Tombola sollen den Grundstock f\u00fcr die Erstellung einer begleitenden Publikation zur Ausstellung \u201eLuthers ungeliebte Br\u00fcder - Alternative Reformationsideen in Th\u00fcringen\u201c bilden.<\/p>\n<p align=\"JUSTIFY\">Die Er\u00f6ffnung des unter ma\u00dfgeblicher Beteiligung des Freundeskreises finanzierten Themenraumes \u201eB\u00fcrgerSTADT\u201c findet am 23. November 2017 im Kulturhistorischen Museum statt. Eine gesonderte Einladung hierf\u00fcr geht Ihnen rechtzeitig zu.<\/p>\n<p align=\"JUSTIFY\">Dem Vorstand des Freundeskreises ist es eine gro\u00dfe Freude, Ihnen am 12. Dezember eine weitere hochkar\u00e4tige Benefizveranstaltung pr\u00e4sentieren zu k\u00f6nnen. Die Pianistin Cora Irsen und der Schauspieler Thomas Thieme werden mit \u201eGrimms M\u00e4rchen\u201c, nach ihrem erfolgreichen Auftritt im Dezember 2015, erneut einen vorweihnachtlichen Abend gestalten. Machen Sie hierf\u00fcr schon reichlich Werbung!<\/p>\n<p align=\"JUSTIFY\">Liebe Freunde der M\u00fchlh\u00e4user Museen, f\u00fcr Ihr b\u00fcrgerschaftliches Engagement und Ihre tatkr\u00e4ftige Unterst\u00fctzung unserer Vorhaben darf ich Ihnen sehr herzlich danken.<\/p>\n<p align=\"JUSTIFY\">Mit den besten W\u00fcnschen f\u00fcr die Sommer- und Urlaubszeit verbleibt<\/p>\n<p align=\"JUSTIFY\">Ihr<br \/>\nMichael Scholl<\/p>\n","protected":false},"excerpt":{"rendered":"<p>Liebe Freunde der M\u00fchlh\u00e4user Museen, wie in jedem Jahr m\u00f6chte ich Ihnen den Freundesbrief zur Sommerzeit zusenden, um auf die Veranstaltungen der ersten Jahresh\u00e4lfte zur\u00fcckzublicken und auf Kommendes zu verweisen. Unsere obligate Mitgliederversammlung fand am 22. M\u00e4rz in der Rathaushalle statt. Nahezu 80 Vereinsmitglieder fanden sich ein, um die Jahresrechnung 2016 zu genehmigen und den <a href=\"https:\/\/www.freundeskreis-muehlhaeuser-museen.de\/?p=686\" class=\"more-link\">...weiterlesen<span class=\"screen-reader-text\"> \"Freundesbrief Juli 2017\"<\/span><\/a><\/p>\n","protected":false},"author":1,"featured_media":0,"comment_status":"open","ping_status":"open","sticky":false,"template":"","format":"standard","meta":{"footnotes":""},"categories":[2],"tags":[],"_links":{"self":[{"href":"https:\/\/www.freundeskreis-muehlhaeuser-museen.de\/index.php?rest_route=\/wp\/v2\/posts\/686"}],"collection":[{"href":"https:\/\/www.freundeskreis-muehlhaeuser-museen.de\/index.php?rest_route=\/wp\/v2\/posts"}],"about":[{"href":"https:\/\/www.freundeskreis-muehlhaeuser-museen.de\/index.php?rest_route=\/wp\/v2\/types\/post"}],"author":[{"embeddable":true,"href":"https:\/\/www.freundeskreis-muehlhaeuser-museen.de\/index.php?rest_route=\/wp\/v2\/users\/1"}],"replies":[{"embeddable":true,"href":"https:\/\/www.freundeskreis-muehlhaeuser-museen.de\/index.php?rest_route=%2Fwp%2Fv2%2Fcomments&post=686"}],"version-history":[{"count":1,"href":"https:\/\/www.freundeskreis-muehlhaeuser-museen.de\/index.php?rest_route=\/wp\/v2\/posts\/686\/revisions"}],"predecessor-version":[{"id":687,"href":"https:\/\/www.freundeskreis-muehlhaeuser-museen.de\/index.php?rest_route=\/wp\/v2\/posts\/686\/revisions\/687"}],"wp:attachment":[{"href":"https:\/\/www.freundeskreis-muehlhaeuser-museen.de\/index.php?rest_route=%2Fwp%2Fv2%2Fmedia&parent=686"}],"wp:term":[{"taxonomy":"category","embeddable":true,"href":"https:\/\/www.freundeskreis-muehlhaeuser-museen.de\/index.php?rest_route=%2Fwp%2Fv2%2Fcategories&post=686"},{"taxonomy":"post_tag","embeddable":true,"href":"https:\/\/www.freundeskreis-muehlhaeuser-museen.de\/index.php?rest_route=%2Fwp%2Fv2%2Ftags&post=686"}],"curies":[{"name":"wp","href":"https:\/\/api.w.org\/{rel}","templated":true}]}}