{"id":684,"date":"2017-11-06T17:56:18","date_gmt":"2017-11-06T17:56:18","guid":{"rendered":"http:\/\/xn--freundeskreis-mhlhuser-museen-iqc45e.de\/?p=684"},"modified":"2017-11-06T17:56:18","modified_gmt":"2017-11-06T17:56:18","slug":"freundesbrief-dezember-2016","status":"publish","type":"post","link":"https:\/\/www.freundeskreis-muehlhaeuser-museen.de\/?p=684","title":{"rendered":"Freundesbrief Dezember 2016"},"content":{"rendered":"<p>Liebe Freunde der M\u00fchlh\u00e4user Museen,<\/p>\n<p align=\"JUSTIFY\">mit dem zu Ende gehenden Jahr 2016 m\u00f6chte ich, der guten Tradition folgend, Ihnen den schon obligaten Freundesbrief zusenden.<\/p>\n<p align=\"JUSTIFY\"><!--more-->Mit gro\u00dfer Best\u00fcrzung haben viele M\u00fchlh\u00e4user auf den pl\u00f6tzlichen Tod von Martin Hoff, Erster Kapellmeister der Staatskapelle Weimar seit 2004, reagiert. Martin Hoff verstarb am 27. August 2016 im Alter von nur 51 Jahren. Unser Freundeskreis verdankt ihm zwei herausragende, in Erinnerung bleibende Konzerterlebnisse. Im Jahre 2011 dirigierte Martin Hoff das Th\u00fcringische Kammerorchester, das gemeinsam mit Helmut Eisel das Klarinettenkonzert von Mozart in A-Dur, KV 622, in der Marienkirche zu Geh\u00f6r brachte. An das Benefizkonzert der Staatskapelle Weimar vom 10. Mai dieses Jahres in der Kornmarktkirche d\u00fcrften sich noch viele Freundeskreismitglieder erinnern. Martin Hoff \u00fcbernahm quasi \u00fcber Nacht das Dirigat f\u00fcr den erkrankten Ehrendirigenten George Alexander Albrecht und sorgte mit der Auff\u00fchrung des Konzertes f\u00fcr Klavier und Orchester Nr. 1 d-Moll von Marie Ja\u00ebll (Cora Irsen am Fl\u00fcgel) sowie mit Werken von Richard Wagner, von denen ein sinfonischer Querschnitt aus \u201eParsifal\u201c herausragte, f\u00fcr Applaus und Begeisterung in der restlos ausverkauften Kornmarktkirche. Unser Freundeskreis ist Martin Hoff f\u00fcr die Auff\u00fchrung dieser Benefizkonzerte zu gro\u00dfem Dank verpflichtet! Seine Menschlichkeit und hohe fachliche Kompetenz werden der Staatskapelle Weimar fehlen.<\/p>\n<p align=\"JUSTIFY\">Lassen Sie mich nachfolgend noch einmal auf einige H\u00f6hepunkte unseres Vereinslebens in den letzten Monaten eingehen und anschlie\u00dfend auf die geplanten Veranstaltungen im kommenden Jahr hinweisen.<\/p>\n<p align=\"JUSTIFY\">Im Namen des Vorstandes unseres Freundeskreises m\u00f6chte ich ausdr\u00fccklich allen Helfern, Kuchenb\u00e4ckern und Sponsoren danken, die sich am Kirmessonntag, dem 28. August 2016, aktiv in die Gestaltung unseres Standes auf dem Handwerkermarkt eingebracht haben. Trotz der gro\u00dfen Hitze konnte mit der Einnahme von \u00fcber 1.800 Euro ein Rekordergebnis erzielt werden.<\/p>\n<p align=\"JUSTIFY\">Unter dem Motto \u201eSchlaflos in M\u00fchlhausen\u201c erlebte der M\u00fchlh\u00e4user Museumsball am 24. September seine 3. Auflage, wiederum in der Kornmarktkirche. Dass der Museumsball seine \u00fcberregionale Strahlkraft vergr\u00f6\u00dfert, belegt nicht zuletzt die steigende Zahl ausw\u00e4rtiger Besucher unter den nahezu 170 Ballg\u00e4sten. Unser ausdr\u00fccklicher Dank gilt den zahlreichen Sponsoren, dank derer eine Tombola mit \u00fcberaus attraktiven Gewinnm\u00f6glichkeiten pr\u00e4sentiert werden konnte. Der Erl\u00f6s von 3.500 Euro bildet den Grundstock f\u00fcr die Restaurierung eines K\u00fcppersbusch-Ofens mit historischen M\u00fchlhausen-Motiven.<\/p>\n<p align=\"JUSTIFY\">Der vierte M\u00fchlh\u00e4user Museumsball findet am 23. September 2017 statt!<\/p>\n<p align=\"JUSTIFY\">Sowohl die diesj\u00e4hrige Exkursion auf die Wartburg bei Eisenach am 10. September als auch die Sonderf\u00fchrungen durch die Themenr\u00e4ume \u201eReichsSTADT\u201c und \u201eKirchenSTADT\u201c der neuen stadtgeschichtlichen Dauerausstellung im Kulturhistorischen Museum am 19. November fanden ein gro\u00dfes Echo bei den Mitgliedern unseres Freundeskreises.<\/p>\n<p align=\"JUSTIFY\">Gestatten Sie mir nunmehr einen Ausblick auf das Jahr 2017:<\/p>\n<p align=\"JUSTIFY\">Die Mitgliederversammlung des Freundeskreises findet am 22. M\u00e4rz 2017, um 17:00 Uhr, in der Rathaushalle statt. Bitte merken Sie sich diesen Termin vor, eine gesonderte Einladung geht Ihnen rechtzeitig zu.<\/p>\n<p align=\"JUSTIFY\">F\u00fcr den 29.03.2017, um 18:00 Uhr, sind die Mitglieder des Freundeskreises zu einer Sonderf\u00fchrung durch die viel beachtete Ausstellung \u201eLuthers ungeliebte Br\u00fcder\u201c in der Kornmarktkirche eingeladen.<\/p>\n<p align=\"JUSTIFY\">Ein musikalischer Leckerbissen verspricht das n\u00e4chste Benefizkonzert unseres Freundeskreises am 9. Mai 2017, um 19:00 Uhr, in der Kornmarktkirche zu werden. \u201eLe due Soprani\u201c \u2013 die lyrischen Soprane Marietta Zumb\u00fclt und Heike Porstein aus Weimar interpretieren hervorragende Duette der Opernweltliteratur aus der Zeit vom 17. bis ins fr\u00fche 20. Jahrhundert. Zu Geh\u00f6r werden u. a. Werke von Mozart, Weber, Richard Strau\u00df, Purcell, Monteverdi, Puccini und Humperdinck gebracht, begleitet von Olaf Storbeck am Klavier. Die Einnahmen dieses Benefizkonzertes kommen dem Abschluss der Restaurierung des schon erw\u00e4hnten K\u00fcppersbusch-Ofens mit historischen M\u00fchlhausen-Motiven zugute.<\/p>\n<p align=\"JUSTIFY\">Unsere j\u00e4hrliche Exkursion f\u00fchrt uns voraussichtlich im Mai 2017 in das Kunsthaus Meyenburg nach Nordhausen in Verbindung mit dem Besuch einer Auff\u00fchrung im Nordh\u00e4user Theater.<\/p>\n<p align=\"JUSTIFY\">Ein besonderer H\u00f6hepunkt steht uns mit der Er\u00f6ffnung des ma\u00dfgeblich vom Freundeskreis finanzierten Themenraumes \u201eB\u00fcrgerSTADT\u201c am 23. November 2017 bevor. Hierf\u00fcr m\u00fcssen jedoch noch etliche Anstrengungen, auch finanzieller Art, unternommen werden.<\/p>\n<p align=\"JUSTIFY\">Liebe Freunde der M\u00fchlh\u00e4user Museen, den bevorstehenden Jahreswechsel m\u00f6chte ich zum Anlass nehmen, Ihnen f\u00fcr Ihr b\u00fcrgerschaftliches Engagement auf das Herzlichste zu danken. Ich darf Ihnen eine besinnliche und friedsame Weihnachtszeit w\u00fcnschen, die uns den Blick auf die Dinge im Leben richten l\u00e4sst, die wirklich z\u00e4hlen.<\/p>\n<p align=\"JUSTIFY\">Ihr<br \/>\nMichael Scholl<\/p>\n<p>&nbsp;<\/p>\n","protected":false},"excerpt":{"rendered":"<p>Liebe Freunde der M\u00fchlh\u00e4user Museen, mit dem zu Ende gehenden Jahr 2016 m\u00f6chte ich, der guten Tradition folgend, Ihnen den schon obligaten Freundesbrief zusenden.<\/p>\n","protected":false},"author":1,"featured_media":0,"comment_status":"open","ping_status":"open","sticky":false,"template":"","format":"standard","meta":{"footnotes":""},"categories":[2],"tags":[],"_links":{"self":[{"href":"https:\/\/www.freundeskreis-muehlhaeuser-museen.de\/index.php?rest_route=\/wp\/v2\/posts\/684"}],"collection":[{"href":"https:\/\/www.freundeskreis-muehlhaeuser-museen.de\/index.php?rest_route=\/wp\/v2\/posts"}],"about":[{"href":"https:\/\/www.freundeskreis-muehlhaeuser-museen.de\/index.php?rest_route=\/wp\/v2\/types\/post"}],"author":[{"embeddable":true,"href":"https:\/\/www.freundeskreis-muehlhaeuser-museen.de\/index.php?rest_route=\/wp\/v2\/users\/1"}],"replies":[{"embeddable":true,"href":"https:\/\/www.freundeskreis-muehlhaeuser-museen.de\/index.php?rest_route=%2Fwp%2Fv2%2Fcomments&post=684"}],"version-history":[{"count":1,"href":"https:\/\/www.freundeskreis-muehlhaeuser-museen.de\/index.php?rest_route=\/wp\/v2\/posts\/684\/revisions"}],"predecessor-version":[{"id":685,"href":"https:\/\/www.freundeskreis-muehlhaeuser-museen.de\/index.php?rest_route=\/wp\/v2\/posts\/684\/revisions\/685"}],"wp:attachment":[{"href":"https:\/\/www.freundeskreis-muehlhaeuser-museen.de\/index.php?rest_route=%2Fwp%2Fv2%2Fmedia&parent=684"}],"wp:term":[{"taxonomy":"category","embeddable":true,"href":"https:\/\/www.freundeskreis-muehlhaeuser-museen.de\/index.php?rest_route=%2Fwp%2Fv2%2Fcategories&post=684"},{"taxonomy":"post_tag","embeddable":true,"href":"https:\/\/www.freundeskreis-muehlhaeuser-museen.de\/index.php?rest_route=%2Fwp%2Fv2%2Ftags&post=684"}],"curies":[{"name":"wp","href":"https:\/\/api.w.org\/{rel}","templated":true}]}}