{"id":242,"date":"2017-10-27T18:08:14","date_gmt":"2017-10-27T18:08:14","guid":{"rendered":"http:\/\/xn--freundeskreis-mhlhuser-museen-iqc45e.de\/?p=242"},"modified":"2017-10-27T18:09:12","modified_gmt":"2017-10-27T18:09:12","slug":"kirmesmarkt-2013-nicht-ohne-uns-museumsfreunde","status":"publish","type":"post","link":"https:\/\/www.freundeskreis-muehlhaeuser-museen.de\/?p=242","title":{"rendered":"Kirmesmarkt 2013: Nicht ohne uns Museumsfreunde"},"content":{"rendered":"<p>Mit einem Stand und Musik beteiligten sich auch in diesem Jahr wieder unsere Museumsfreunde am traditionellen Handwerkermarkt am Kirmessonntag. Der Erl\u00f6s kommt wieder den M\u00fchlh\u00e4user Museen zugute. Herzlichen Dank an alle, die<\/p>\n<p>zum Gelingen unserer Kirmesaktion beigetragen haben. Spa\u00df haben wir alle gehabt, wie unsere kleine Dia-Schau zeigt.<\/p>\n<p><!--more--><\/p>\n<p>[ngg_images source=\"galleries\" container_ids=\"6\" display_type=\"photocrati-nextgen_basic_slideshow\" gallery_width=\"400\" gallery_height=\"300\" cycle_effect=\"fade\" cycle_interval=\"10\" show_thumbnail_link=\"1\" thumbnail_link_text=\"[Zeige Vorschaubilder]\" order_by=\"sortorder\" order_direction=\"ASC\" returns=\"included\" maximum_entity_count=\"500\"]<\/p>\n<p>&nbsp;<\/p>\n","protected":false},"excerpt":{"rendered":"<p>Mit einem Stand und Musik beteiligten sich auch in diesem Jahr wieder unsere Museumsfreunde am traditionellen Handwerkermarkt am Kirmessonntag. Der Erl\u00f6s kommt wieder den M\u00fchlh\u00e4user Museen zugute. Herzlichen Dank an alle, die zum Gelingen unserer Kirmesaktion beigetragen haben. Spa\u00df haben wir alle gehabt, wie unsere kleine Dia-Schau zeigt.<\/p>\n","protected":false},"author":1,"featured_media":0,"comment_status":"open","ping_status":"open","sticky":false,"template":"","format":"standard","meta":{"footnotes":""},"categories":[1],"tags":[],"_links":{"self":[{"href":"https:\/\/www.freundeskreis-muehlhaeuser-museen.de\/index.php?rest_route=\/wp\/v2\/posts\/242"}],"collection":[{"href":"https:\/\/www.freundeskreis-muehlhaeuser-museen.de\/index.php?rest_route=\/wp\/v2\/posts"}],"about":[{"href":"https:\/\/www.freundeskreis-muehlhaeuser-museen.de\/index.php?rest_route=\/wp\/v2\/types\/post"}],"author":[{"embeddable":true,"href":"https:\/\/www.freundeskreis-muehlhaeuser-museen.de\/index.php?rest_route=\/wp\/v2\/users\/1"}],"replies":[{"embeddable":true,"href":"https:\/\/www.freundeskreis-muehlhaeuser-museen.de\/index.php?rest_route=%2Fwp%2Fv2%2Fcomments&post=242"}],"version-history":[{"count":2,"href":"https:\/\/www.freundeskreis-muehlhaeuser-museen.de\/index.php?rest_route=\/wp\/v2\/posts\/242\/revisions"}],"predecessor-version":[{"id":304,"href":"https:\/\/www.freundeskreis-muehlhaeuser-museen.de\/index.php?rest_route=\/wp\/v2\/posts\/242\/revisions\/304"}],"wp:attachment":[{"href":"https:\/\/www.freundeskreis-muehlhaeuser-museen.de\/index.php?rest_route=%2Fwp%2Fv2%2Fmedia&parent=242"}],"wp:term":[{"taxonomy":"category","embeddable":true,"href":"https:\/\/www.freundeskreis-muehlhaeuser-museen.de\/index.php?rest_route=%2Fwp%2Fv2%2Fcategories&post=242"},{"taxonomy":"post_tag","embeddable":true,"href":"https:\/\/www.freundeskreis-muehlhaeuser-museen.de\/index.php?rest_route=%2Fwp%2Fv2%2Ftags&post=242"}],"curies":[{"name":"wp","href":"https:\/\/api.w.org\/{rel}","templated":true}]}}