{"id":1856,"date":"2025-04-09T17:59:36","date_gmt":"2025-04-09T17:59:36","guid":{"rendered":"https:\/\/www.freundeskreis-muehlhaeuser-museen.de\/?p=1856"},"modified":"2025-04-28T16:33:45","modified_gmt":"2025-04-28T16:33:45","slug":"grosser-applaus-fuer-ein-duerer-fuer-muehlhausen","status":"publish","type":"post","link":"https:\/\/www.freundeskreis-muehlhaeuser-museen.de\/?p=1856","title":{"rendered":"Gro\u00dfer Applaus f\u00fcr \u201eEin D\u00fcrer f\u00fcr M\u00fchlhausen\u201c"},"content":{"rendered":"\n<p><strong>Hunderte von M\u00fchlh\u00e4usern waren bei der Einweihung des Denkmals dabei \/ K\u00fcnstler Timm Kregel wurde mit der Eintragung in das Goldene Buch der Stadt geehrt<\/strong><\/p>\n\n\n\n<!--more-->\n\n\n\n<p>Als am Nachmittag des 5. April 2025 das Denkmal auf dem Kornmarkt zeremoniell enth\u00fcllt wurde, gab es gro\u00dfen Applaus. Hunderte von M\u00fchlh\u00e4usern und G\u00e4sten der Stadt verfolgten die Vollendung des Projekts \u201eEin D\u00fcrer f\u00fcr M\u00fchlhausen\u201c: Oberb\u00fcrgermeister Dr. Johannes Bruns und der Erste Vorsitzende des Freundeskreises M\u00fchlh\u00e4user Museen, Dr. Michael Scholl, gaben von der sicheren Plattform einer Hebeb\u00fchne aus das inklusive Sockel ungef\u00e4hr neun Meter hohe Denkmal frei.<\/p>\n\n\n\n<p>Vor nahezu zweieinhalb Jahren stellten der Freundeskreis, der Rotary Club M\u00fchlhausen und die Stadt M\u00fchlhausen der \u00d6ffentlichkeit die k\u00fchnen Pl\u00e4ne zur Umsetzung eines aus dem Jahre 1525 stammenden Entwurfs Albrecht D\u00fcrers zu diesem Bauernkriegsdenkmal vor. Die \u00fcber zwei Jahre laufende Spendenkampagne, so Dr. Scholl, rief ein \u201eerstaunliches regionales und \u00fcberregionales Echo hervor. So erreichten uns beispielsweise auch Spenden aus M\u00fcnster, Eschwege, W\u00fcrzburg, Berlin, Hannover, Trient, Wiesbaden, Leipzig, Weimar, Erfurt, Halle, Willingen, Nu\u00dfdorf\/Pfalz oder Rieseby.\u201c<\/p>\n\n\n\n<p>Auch die Stadt M\u00fchlhausen beteiligte sich mit 100.000 Euro an der Realisierung dieses Projektes, der Freistaat Th\u00fcringen mit 25.000 Euro (aus sogenannten Lottomitteln). Mit einer Spende in H\u00f6he von 10.000 Euro stockten die Sparkassen-Kulturstiftung und die Sparkasse Unstrut-Hainich das Etat auf. Mit den insgesamt 250.000 Euro war die Finanzierung des Gro\u00dfprojektes gesichert. Es konnte wie geplant im Vorfeld der Er\u00f6ffnung der Th\u00fcringer Landesausstellung \u201efreiheyt 1525 \u2013 500 Jahre Bauernkrieg\u201c an die Stadt M\u00fchlhausen \u00fcbergeben werden.<\/p>\n\n\n\n<p>Nach den vorliegenden D\u00fcrer-Pl\u00e4nen erschaffen hat das Denkmal der K\u00fcnstler Timm Kregel aus Gorsleben (Kyffh\u00e4userkreis). Der K\u00fcnstler stand vor der Aufgabe, die von Albrecht D\u00fcrer geschaffenen zweidimensionalen Zeichnungen in eine dreidimensionale Bronzes\u00e4ule zu transformieren. Sichtlich gl\u00fccklich war Timm Kregel dann auch w\u00e4hrend der \u00dcbergabe des Denkmals. Er hat es geschafft. \u201eDiese Arbeit war sowohl eine gro\u00dfe Ehre als auch eine gigantische Herausforderung f\u00fcr mich\u201c, so Timm Kregel. Er habe mit gro\u00dfer Demut vor dem bedeutenden K\u00fcnstler Albrecht D\u00fcrer an der S\u00e4ule gearbeitet: \u201eD\u00fcrer war w\u00e4hrend der ganzen Schaffenszeit mein Chef\u201c.<\/p>\n\n\n\n<p><em>Feierliche Momente:<br>Das Amalia-Quartett aus Weimar begleitete den Festakt.<br>H\u00f6hepunkt des Tages war die \u00dcbergabe des Bronzedenkmals.<br>K\u00fcnstler Timm Kregel durfte sich ins Goldene Buch der Stadt M\u00fchlhausen eintragen.<\/em><strong><br><\/strong><br><br><\/p>\n\n\n\n<figure class=\"wp-block-gallery has-nested-images columns-default is-cropped wp-block-gallery-1 is-layout-flex wp-block-gallery-is-layout-flex\">\n<figure class=\"wp-block-image size-large\"><img loading=\"lazy\" decoding=\"async\" width=\"200\" height=\"113\" data-id=\"1857\" src=\"https:\/\/www.freundeskreis-muehlhaeuser-museen.de\/wp-content\/uploads\/2025\/04\/250405-Timm-Kregel-ins-Goldene-Buch-5_ergebnis.jpg\" alt=\"\" class=\"wp-image-1857\"\/><\/figure>\n\n\n\n<figure class=\"wp-block-image size-large\"><img loading=\"lazy\" decoding=\"async\" width=\"200\" height=\"113\" data-id=\"1862\" src=\"https:\/\/www.freundeskreis-muehlhaeuser-museen.de\/wp-content\/uploads\/2025\/04\/250405-Timm-Kregel-ins-Goldene-Buch-17_ergebnis.jpg\" alt=\"\" class=\"wp-image-1862\"\/><\/figure>\n\n\n\n<figure class=\"wp-block-image size-large\"><img loading=\"lazy\" decoding=\"async\" width=\"200\" height=\"113\" data-id=\"1859\" src=\"https:\/\/www.freundeskreis-muehlhaeuser-museen.de\/wp-content\/uploads\/2025\/04\/250405-Timm-Kregel-ins-Goldene-Buch-2_ergebnis.jpg\" alt=\"\" class=\"wp-image-1859\"\/><\/figure>\n\n\n\n<figure class=\"wp-block-image size-large\"><img loading=\"lazy\" decoding=\"async\" width=\"200\" height=\"113\" data-id=\"1860\" src=\"https:\/\/www.freundeskreis-muehlhaeuser-museen.de\/wp-content\/uploads\/2025\/04\/250405-Enthuellung-Duerer-Festakt-60_ergebnis.jpg\" alt=\"\" class=\"wp-image-1860\"\/><\/figure>\n\n\n\n<figure class=\"wp-block-image size-large\"><img loading=\"lazy\" decoding=\"async\" width=\"200\" height=\"113\" data-id=\"1858\" src=\"https:\/\/www.freundeskreis-muehlhaeuser-museen.de\/wp-content\/uploads\/2025\/04\/250405-Enthuellung-Duerer-Festakt-56_ergebnis.jpg\" alt=\"\" class=\"wp-image-1858\"\/><\/figure>\n\n\n\n<figure class=\"wp-block-image size-large\"><img loading=\"lazy\" decoding=\"async\" width=\"200\" height=\"113\" data-id=\"1861\" src=\"https:\/\/www.freundeskreis-muehlhaeuser-museen.de\/wp-content\/uploads\/2025\/04\/250405-Enthuellung-Duerer-Festakt-48_ergebnis.jpg\" alt=\"\" class=\"wp-image-1861\"\/><\/figure>\n\n\n\n<figure class=\"wp-block-image size-large\"><img loading=\"lazy\" decoding=\"async\" width=\"200\" height=\"113\" data-id=\"1863\" src=\"https:\/\/www.freundeskreis-muehlhaeuser-museen.de\/wp-content\/uploads\/2025\/04\/250405-Enthuellung-Duerer-Festakt-44_ergebnis.jpg\" alt=\"\" class=\"wp-image-1863\"\/><\/figure>\n\n\n\n<figure class=\"wp-block-image size-large\"><img loading=\"lazy\" decoding=\"async\" width=\"200\" height=\"113\" data-id=\"1865\" src=\"https:\/\/www.freundeskreis-muehlhaeuser-museen.de\/wp-content\/uploads\/2025\/04\/250405-Enthuellung-Duerer-Festakt-40_ergebnis.jpg\" alt=\"\" class=\"wp-image-1865\"\/><\/figure>\n\n\n\n<figure class=\"wp-block-image size-large\"><img loading=\"lazy\" decoding=\"async\" width=\"200\" height=\"113\" data-id=\"1864\" src=\"https:\/\/www.freundeskreis-muehlhaeuser-museen.de\/wp-content\/uploads\/2025\/04\/250405-Enthuellung-Duerer-Festakt-34_ergebnis.jpg\" alt=\"\" class=\"wp-image-1864\"\/><\/figure>\n\n\n\n<figure class=\"wp-block-image size-large\"><img loading=\"lazy\" decoding=\"async\" width=\"200\" height=\"113\" data-id=\"1868\" src=\"https:\/\/www.freundeskreis-muehlhaeuser-museen.de\/wp-content\/uploads\/2025\/04\/250405-Enthuellung-Duerer-Festakt-21_ergebnis.jpg\" alt=\"\" class=\"wp-image-1868\"\/><\/figure>\n\n\n\n<figure class=\"wp-block-image size-large\"><img loading=\"lazy\" decoding=\"async\" width=\"200\" height=\"113\" data-id=\"1866\" src=\"https:\/\/www.freundeskreis-muehlhaeuser-museen.de\/wp-content\/uploads\/2025\/04\/250405-Enthuellung-Duerer-Festakt-15_ergebnis.jpg\" alt=\"\" class=\"wp-image-1866\"\/><\/figure>\n\n\n\n<figure class=\"wp-block-image size-large\"><img loading=\"lazy\" decoding=\"async\" width=\"200\" height=\"113\" data-id=\"1867\" src=\"https:\/\/www.freundeskreis-muehlhaeuser-museen.de\/wp-content\/uploads\/2025\/04\/250405-Enthuellung-Duerer-Festakt-14_ergebnis.jpg\" alt=\"\" class=\"wp-image-1867\"\/><\/figure>\n<\/figure>\n\n\n\n<p>Hier geht es zum kompletten Film zum downloaden von\/\u00fcber die D\u00fcrer-S\u00e4ule (Film von Tino Sieland): <\/p>\n\n\n\n<p><a href=\"https:\/\/my.hidrive.com\/lnk\/SoM2781mH\">https:\/\/my.hidrive.com\/lnk\/SoM2781mH<\/a><\/p>\n","protected":false},"excerpt":{"rendered":"<p>Hunderte von M\u00fchlh\u00e4usern waren bei der Einweihung des Denkmals dabei \/ K\u00fcnstler Timm Kregel wurde mit der Eintragung in das Goldene Buch der Stadt geehrt<\/p>\n","protected":false},"author":1,"featured_media":0,"comment_status":"open","ping_status":"open","sticky":false,"template":"","format":"standard","meta":{"footnotes":""},"categories":[10,1],"tags":[],"_links":{"self":[{"href":"https:\/\/www.freundeskreis-muehlhaeuser-museen.de\/index.php?rest_route=\/wp\/v2\/posts\/1856"}],"collection":[{"href":"https:\/\/www.freundeskreis-muehlhaeuser-museen.de\/index.php?rest_route=\/wp\/v2\/posts"}],"about":[{"href":"https:\/\/www.freundeskreis-muehlhaeuser-museen.de\/index.php?rest_route=\/wp\/v2\/types\/post"}],"author":[{"embeddable":true,"href":"https:\/\/www.freundeskreis-muehlhaeuser-museen.de\/index.php?rest_route=\/wp\/v2\/users\/1"}],"replies":[{"embeddable":true,"href":"https:\/\/www.freundeskreis-muehlhaeuser-museen.de\/index.php?rest_route=%2Fwp%2Fv2%2Fcomments&post=1856"}],"version-history":[{"count":7,"href":"https:\/\/www.freundeskreis-muehlhaeuser-museen.de\/index.php?rest_route=\/wp\/v2\/posts\/1856\/revisions"}],"predecessor-version":[{"id":1877,"href":"https:\/\/www.freundeskreis-muehlhaeuser-museen.de\/index.php?rest_route=\/wp\/v2\/posts\/1856\/revisions\/1877"}],"wp:attachment":[{"href":"https:\/\/www.freundeskreis-muehlhaeuser-museen.de\/index.php?rest_route=%2Fwp%2Fv2%2Fmedia&parent=1856"}],"wp:term":[{"taxonomy":"category","embeddable":true,"href":"https:\/\/www.freundeskreis-muehlhaeuser-museen.de\/index.php?rest_route=%2Fwp%2Fv2%2Fcategories&post=1856"},{"taxonomy":"post_tag","embeddable":true,"href":"https:\/\/www.freundeskreis-muehlhaeuser-museen.de\/index.php?rest_route=%2Fwp%2Fv2%2Ftags&post=1856"}],"curies":[{"name":"wp","href":"https:\/\/api.w.org\/{rel}","templated":true}]}}