{"id":1560,"date":"2023-08-29T18:07:27","date_gmt":"2023-08-29T18:07:27","guid":{"rendered":"https:\/\/www.freundeskreis-muehlhaeuser-museen.de\/?p=1560"},"modified":"2023-08-29T18:10:18","modified_gmt":"2023-08-29T18:10:18","slug":"rekordergebnis-beim-essen-und-trinken-fuer-die-kultur","status":"publish","type":"post","link":"https:\/\/www.freundeskreis-muehlhaeuser-museen.de\/?p=1560","title":{"rendered":"Freude \u00fcber Rekordergebnis"},"content":{"rendered":"\n<p><strong>Museumsfreunde beteiligten sich zum zw\u00f6lften Mal am M\u00fchlh\u00e4user Handwerkermarkt \/ Erl\u00f6s kommt dem Projekt \u201eEin D\u00fcrer f\u00fcr M\u00fchlhausen\u201c zugute<\/strong><\/p>\n\n\n\n<p>Gut gef\u00fcllt nach dem diesj\u00e4hrigen Handwerkermarkt war die Kasse der Museumsfreunde: Exakt 2.497,50 Euro z\u00e4hlte der Vorsitzende des Freundeskreises M\u00fchlh\u00e4user Museen, Dr. Michael Scholl. \u201eDas bislang beste Ergebnis\u201c, so sein Fazit.<\/p>\n\n\n\n<!--more-->\n\n\n\n<p>Seit Bestehen des Freundeskreises \u2013 gegr\u00fcndet hat er sich im April 2010 \u2013 beteiligt er sich am traditionellen Handwerkermarkt am Kirmessonntag \u2013 in diesem Jahr das zw\u00f6lfte Mal. Kuchen aus privaten K\u00fcchen, frisch gebr\u00fchter Kaffee, deftige Fettbrote, hessischer Apfelwein und Bier vom Fass waren die Angebote. Immer wieder sehr begehrt bei den Marktbesuchern sind auch die \u201eM\u00fchlh\u00e4user Pfl\u00f6cke\u201c. Die mit K\u00e4se \u00fcberbackenen herzhaften Spezialit\u00e4ten nach einem privaten Rezept des bekannten M\u00fchlh\u00e4user B\u00e4ckermeisters Horst Sorns kommen frisch aus dem Backofen und gehen weg wie die sprichw\u00f6rtlichen warmen Semmeln.<\/p>\n\n\n\n<p>Viele ehrenamtliche Helfer aus dem Freundeskreis k\u00fcmmern sich allj\u00e4hrlich um die Organisation des mehrere Meter langen Verkaufsstandes sowie um den Aufbau von Tischen und B\u00e4nken auf dem beliebten Markt. \u201eF\u00fcr das Aufbauen, das Zubereiten der ungez\u00e4hlten Fettbrote, das Backen der vielen Kuchen, die Betreuung des Verkaufsstandes und f\u00fcr alles andere ein herzliches Dankesch\u00f6n an die Helfer\u201c, so Dr. Scholl. Ein Dankesch\u00f6n richtet er ebenso an die freigiebigen Sponsoren der Zutaten sowie an die zahlreichen Besucher des Standes: \u201eAll unsere G\u00e4ste haben f\u00fcr ein neues St\u00fcck M\u00fchlh\u00e4user Kulturgut gegessen und getrunken.\u201c<\/p>\n\n\n\n<p>Der gesamte Erl\u00f6s kommt dem D\u00fcrer-Denkmal zugute. Das sieben Meter hohe Denkmal aus Bronze soll anl\u00e4sslich der Th\u00fcringer Landesausstellung \"freiheyt 1525 - 500 Jahre Bauernkrieg\" im Jahr 2025 auf dem Kornmarkt in M\u00fchlhausen entstehen. Dieses Denkmal soll an den Bauernkrieg vor 500 Jahren erinnern. Den Entwurf daf\u00fcr hatte bereits im Jahr 1525 der ber\u00fchmte N\u00fcrnberger K\u00fcnstler Albrecht D\u00fcrer gezeichnet.<\/p>\n\n\n\n<figure class=\"wp-block-image size-full\"><img loading=\"lazy\" decoding=\"async\" width=\"656\" height=\"369\" src=\"https:\/\/www.freundeskreis-muehlhaeuser-museen.de\/wp-content\/uploads\/2023\/08\/230827-Handwerkermarkt-5.jpg\" alt=\"\" class=\"wp-image-1561\" srcset=\"https:\/\/www.freundeskreis-muehlhaeuser-museen.de\/wp-content\/uploads\/2023\/08\/230827-Handwerkermarkt-5.jpg 656w, https:\/\/www.freundeskreis-muehlhaeuser-museen.de\/wp-content\/uploads\/2023\/08\/230827-Handwerkermarkt-5-300x169.jpg 300w\" sizes=\"(max-width: 656px) 100vw, 656px\" \/><\/figure>\n\n\n\n<figure class=\"wp-block-image size-full\"><img loading=\"lazy\" decoding=\"async\" width=\"800\" height=\"450\" src=\"https:\/\/www.freundeskreis-muehlhaeuser-museen.de\/wp-content\/uploads\/2023\/08\/230827-Handwerkermarkt-7.jpg\" alt=\"\" class=\"wp-image-1562\" srcset=\"https:\/\/www.freundeskreis-muehlhaeuser-museen.de\/wp-content\/uploads\/2023\/08\/230827-Handwerkermarkt-7.jpg 800w, https:\/\/www.freundeskreis-muehlhaeuser-museen.de\/wp-content\/uploads\/2023\/08\/230827-Handwerkermarkt-7-300x169.jpg 300w, https:\/\/www.freundeskreis-muehlhaeuser-museen.de\/wp-content\/uploads\/2023\/08\/230827-Handwerkermarkt-7-768x432.jpg 768w\" sizes=\"(max-width: 800px) 100vw, 800px\" \/><\/figure>\n","protected":false},"excerpt":{"rendered":"<p>Museumsfreunde beteiligten sich zum zw\u00f6lften Mal am M\u00fchlh\u00e4user Handwerkermarkt \/ Erl\u00f6s kommt dem Projekt \u201eEin D\u00fcrer f\u00fcr M\u00fchlhausen\u201c zugute Gut gef\u00fcllt nach dem diesj\u00e4hrigen Handwerkermarkt war die Kasse der Museumsfreunde: Exakt 2.497,50 Euro z\u00e4hlte der Vorsitzende des Freundeskreises M\u00fchlh\u00e4user Museen, Dr. Michael Scholl. \u201eDas bislang beste Ergebnis\u201c, so sein Fazit.<\/p>\n","protected":false},"author":1,"featured_media":0,"comment_status":"open","ping_status":"open","sticky":false,"template":"","format":"standard","meta":{"footnotes":""},"categories":[1],"tags":[],"_links":{"self":[{"href":"https:\/\/www.freundeskreis-muehlhaeuser-museen.de\/index.php?rest_route=\/wp\/v2\/posts\/1560"}],"collection":[{"href":"https:\/\/www.freundeskreis-muehlhaeuser-museen.de\/index.php?rest_route=\/wp\/v2\/posts"}],"about":[{"href":"https:\/\/www.freundeskreis-muehlhaeuser-museen.de\/index.php?rest_route=\/wp\/v2\/types\/post"}],"author":[{"embeddable":true,"href":"https:\/\/www.freundeskreis-muehlhaeuser-museen.de\/index.php?rest_route=\/wp\/v2\/users\/1"}],"replies":[{"embeddable":true,"href":"https:\/\/www.freundeskreis-muehlhaeuser-museen.de\/index.php?rest_route=%2Fwp%2Fv2%2Fcomments&post=1560"}],"version-history":[{"count":3,"href":"https:\/\/www.freundeskreis-muehlhaeuser-museen.de\/index.php?rest_route=\/wp\/v2\/posts\/1560\/revisions"}],"predecessor-version":[{"id":1565,"href":"https:\/\/www.freundeskreis-muehlhaeuser-museen.de\/index.php?rest_route=\/wp\/v2\/posts\/1560\/revisions\/1565"}],"wp:attachment":[{"href":"https:\/\/www.freundeskreis-muehlhaeuser-museen.de\/index.php?rest_route=%2Fwp%2Fv2%2Fmedia&parent=1560"}],"wp:term":[{"taxonomy":"category","embeddable":true,"href":"https:\/\/www.freundeskreis-muehlhaeuser-museen.de\/index.php?rest_route=%2Fwp%2Fv2%2Fcategories&post=1560"},{"taxonomy":"post_tag","embeddable":true,"href":"https:\/\/www.freundeskreis-muehlhaeuser-museen.de\/index.php?rest_route=%2Fwp%2Fv2%2Ftags&post=1560"}],"curies":[{"name":"wp","href":"https:\/\/api.w.org\/{rel}","templated":true}]}}