{"id":1354,"date":"2022-03-25T18:49:12","date_gmt":"2022-03-25T18:49:12","guid":{"rendered":"https:\/\/www.freundeskreis-muehlhaeuser-museen.de\/?p=1354"},"modified":"2022-03-25T18:49:44","modified_gmt":"2022-03-25T18:49:44","slug":"rechenschaftsbericht-2021","status":"publish","type":"post","link":"https:\/\/www.freundeskreis-muehlhaeuser-museen.de\/?p=1354","title":{"rendered":"Rechenschaftsbericht 2021"},"content":{"rendered":"\n<p> des Vorstandes des Freundeskreises M\u00fchlh\u00e4user Museen e. V.<br>(von Dr. Michael Scholl, Erster Vorsitzender)<\/p>\n\n\n\n<p>\u201e<em>Kultur ist das gr\u00f6\u00dfte<\/em><br><em>national\u00f6konomische Paradoxon:<\/em><br><em>die ist nicht bilanzf\u00e4hig<\/em><br><em>und tr\u00e4gt langfristig Zinsen.\u201c<br>Prof. Dr. Friedrich Achleitner<br>Schriftsteller, Architekt<\/em><br>(\u00d6sterreich, 1930 \u2013 2019)<\/p>\n\n\n\n<p>Liebe Freunde der M\u00fchlh\u00e4user Museen,<\/p>\n\n\n\n<p>wir alle waren vor wenigen Wochen noch frohen Mutes, dass die Zeiten der coronabedingten tiefgreifenden Beschr\u00e4nkungen bald der Vergangenheit angeh\u00f6ren und wir optimistischer nach vorn schauen k\u00f6nnen. Und nun ist etwas Unfassbares, f\u00fcr uns alle Unvorstellbares eingetreten: Mitten in Europa, 1 300 Kilometer von uns entfernt, gibt es wieder Krieg. Ein gr\u00f6\u00dfenwahnsinniger Pr\u00e4sident Putin und sein enger Zirkel haben einen v\u00f6lkerrechtswidrigen Krieg gegen die Ukraine begonnen. Und dies wird Konsequenzen auch f\u00fcr unser Land, f\u00fcr unsere Lebensweise haben, wie sie in der Gesamtheit noch gar nicht absehbar sind.<\/p>\n\n\n\n<!--more-->\n\n\n\n<p>Auch deshalb habe ich das oben angef\u00fchrte Zitat meinem Rechenschaftsbericht vorangestellt. Wir m\u00fcssen m\u00f6glicherweise noch mehr, als das bisher war, Sorge daf\u00fcr tragen, dass es gesellschaftlicher Konsens bleibt, dass Kultur tats\u00e4chlich langfristig Zinsen tr\u00e4gt. Im Gegenteil: Bei allem blinden Aktionismus, der sich beispielsweise gegen russische Studenten oder Kulturschaffende richtet, die mit dieser Kriegsentscheidung nicht, aber auch gar nichts, zu tun haben (Zitat Bundeskanzler Scholz: \u201eEs ist Putins Krieg\u201c), wird der Kultur eine besondere Verantwortung zuteil.<\/p>\n\n\n\n<p>Lassen Sie mich nun aber das vergangene Jahr aus der Sicht des Freundeskreises Revue passieren.<\/p>\n\n\n\n<p>Die laut Satzung im ersten Quartal eines jeden Jahres durchzuf\u00fchrende Mitgliederversammlung konnten wir erstmals nach zweieinhalb Jahren wieder am 20. Oktober 2021 in der Rathaushalle abhalten. Die anwesenden 58 Mitglieder des Freundeskreises erteilten dem Vorstand f\u00fcr das Jahr 2020 Entlastung.<\/p>\n\n\n\n<p>Unser f\u00fcr den 12. Mai 2020, anl\u00e4sslich des zehnj\u00e4hrigen Gr\u00fcndungsjubil\u00e4ums, geplantes Festkonzert mit der Staatskapelle Weimar fiel bekanntlich coronabedingt aus.<\/p>\n\n\n\n<p>Aber auch der Nachholtermin am 18. Juni 2021 kam noch zu fr\u00fch und konnte nicht realisiert werden. So machten wir aus der Not eine Tugend und veranstalteten im Juni und August erstmals einen \u201eKultursommer\u201c unseres Freundeskreises.<\/p>\n\n\n\n<p>Die Veranstaltungen mit dem Weimarer Schauspieler Thomas Thieme im Gespr\u00e4ch (19.06.2021) sowie \u201eKlez Fiesta\u201c mit Helmut Eisel und JEM (22.08.2021) und der Liederabend \u201eWenn Du nur zuweilen l\u00e4chelst\u201c mit Marietta Zumb\u00fclt, Christine Hausmann und Andr\u00e9 Kassel (31.08.2021) erwiesen sich als absolut hochkar\u00e4tig und waren im \u00dcbrigen nach wenigen Tagen ausverkauft. Der kulturelle Nachholbedarf war sehr gro\u00df!<\/p>\n\n\n\n<p>Mein ausdr\u00fccklicher Dank gilt all jenen Mitgliedern des Freundeskreises, welche diese Veranstaltungen finanziell und logistisch gro\u00dfz\u00fcgig unterst\u00fctzten!<\/p>\n\n\n\n<p>Der 7. M\u00fchlh\u00e4user Museumsball unter dem Motto \u201eMoulin Rouge\u201c am 16. Oktober 2021 avancierte, nach einem Jahr Corona-Zwangspause, zu einer rauschenden Ballnacht in der restlos ausverkauften Kornmarktkirche. Die Ballg\u00e4ste erwiesen sich \u00e4u\u00dferst gro\u00dfz\u00fcgig beim Erwerb der Tombola-Lose, die zusammen mit dem Verkauf der Foto-Sticks (Dank an Iris und Peter Henning!) einen Erl\u00f6s von knapp 5.000 Euro brachten.<\/p>\n\n\n\n<p>Mit dieser Summe konnte der Freundeskreis den Grundstock legen f\u00fcr den Ankauf eines Dioramas, welches die M\u00fchlh\u00e4user Sage von den \u201eBlinden Hessen\u201c darstellt. Das Diorama soll auf der Historischen Wehranlage, quasi dem Originalschauplatz des Geschehens, ausgestellt werden.<\/p>\n\n\n\n<p>Liebe Freunde der M\u00fchlh\u00e4user Museen, mit der Absage der Kirmes f\u00fcr 2021 entfiel nat\u00fcrlich wiederholt auch die traditionelle Teilnahme unseres Freundeskreises am Handwerkermarkt.<\/p>\n\n\n\n<p>Eine Exkursion fand im Jahr 2021 ebenfalls nicht statt.<\/p>\n\n\n\n<p>Mit der Versendung des Freundesbriefes im Dezember 2021 konnten wir allen Mitgliedern den durch unseren Freundeskreis finanzierten Katalog der am 28.09.2020 er\u00f6ffneten Premiumausstellung der M\u00fchlh\u00e4user Museen \u201eRoms verlorene Provinz \u2013 Arch\u00e4ologische Spuren in Th\u00fcringen\u201c zusenden. Die Finanzierung dieses Kataloges stellte eines der gro\u00dfen Projekte zur Unterst\u00fctzung der M\u00fchlh\u00e4user Museen im vergangenen Jahr dar.<\/p>\n\n\n\n<p>Zur Vorstandsarbeit:<\/p>\n\n\n\n<p>Vorstandssitzungen im Jahre 2021 fanden am 16. August und 15. November statt.<\/p>\n\n\n\n<p>Ansonsten kommunizierten die Vorstandsmitglieder zwangsl\u00e4ufig per Mail und Telefon miteinander.<\/p>\n\n\n\n<p>In Anbetracht der heute stattfindenden Vorstandswahlen lassen Sie mich bitte meinen ausdr\u00fccklichen Dank an alle Vorstandsmitglieder f\u00fcr die sehr konstruktive, engagierte und menschlich angenehme Zusammenarbeit aussprechen. Namentlich sind dies<\/p>\n\n\n\n<p>Dr. Rolf Luhn \u2013 Zweiter Vorsitzender<br>Christian Blechschmidt \u2013 Schatzmeister<br>Iris Henning \u2013 \u00d6ffentlichkeitsarbeit<br>Dr. Falk Walther \u2013 Schriftf\u00fchrer<\/p>\n\n\n\n<p>Ebenso danke ich dem Direktor der M\u00fchlh\u00e4user Museen, Dr. Thomas T. M\u00fcller, sowie seinen Mitarbeitern f\u00fcr die sehr vertrauensvolle Zusammenarbeit. In diesem Zusammenhang danke ich besonders Frau Backhaus, sozusagen als Bindeglied zwischen Museen und Freundeskreis, und Frau Gi\u00dfke, die weiterhin das Schreibb\u00fcro des Freundeskreises akribisch f\u00fchrt.<\/p>\n\n\n\n<p>Ich m\u00f6chte es an dieser Stelle nicht vers\u00e4umen, mich sehr herzlich bei Herrn Oberb\u00fcrgermeister Dr. Johannes Bruns, Frau B\u00fcrgermeisterin Beate Sill und den Mitarbeitern der Stadtverwaltung f\u00fcr die immerw\u00e4hrende vielf\u00e4ltige Unterst\u00fctzung unseres Freundeskreises zu bedanken. Dies stellt keine Selbstverst\u00e4ndlichkeit dar!<\/p>\n\n\n\n<p>Worauf k\u00f6nnen Sie sich in diesem Jahr noch freuen?<\/p>\n\n\n\n<p>Am 5. April 2022 wird nun endlich das Festkonzert der Staatskapelle Weimar, anl\u00e4sslich des zehnj\u00e4hrigen Jubil\u00e4ums unseres Freundeskreises, in der Kornmarktkirche stattfinden. Sie d\u00fcrfen sich auf einen fulminanten Konzertabend freuen, an dem als Hauptwerk die 5. Sinfonie Beethovens zu Geh\u00f6r gebracht wird. Die Einnahmen des Konzertes, das im \u00dcbrigen durch zahlreiche Sponsoren komplett finanziert wird, dienen der Anschaffung eines neuen brandschutzsicheren Gest\u00fchls f\u00fcr die Kornmarktkirche. Damit sollen die in die Jahre gekommenen unhandlichen B\u00e4nke ersetzt werden.<\/p>\n\n\n\n<p>Mit der heutigen Mitgliederversammlung wollen wir sozusagen den Startschuss geben f\u00fcr die Aktion \u201eMein guter Name f\u00fcr einen guten Platz\u201c.<\/p>\n\n\n\n<p>Damit erhalten Freunde der M\u00fchlh\u00e4user Museen und Interessierte die Chance, einen Stuhl in der M\u00fchlh\u00e4user Kornmarktkirche als Pate zu \u00fcbernehmen. F\u00fcr eine Spende von 100,00 Euro wird ein Stuhl mit einer Plakette versehen, die den Namen des Spenders tr\u00e4gt.<\/p>\n\n\n\n<p>Die B\u00e4nke sollen im \u00dcbrigen zugunsten der M\u00fchlh\u00e4user Museen versteigert werden.<\/p>\n\n\n\n<p>Als erste Paten f\u00fcr zwei St\u00fchle haben sich bereits Sabine Wilimzig und Dr. Harald Wilimzig aus unserem Freundeskreis registrieren lassen! Herzlichen Dank daf\u00fcr! -Hoffen wir auf weitere zahlreiche Stuhlpaten!<\/p>\n\n\n\n<p>Die Teilnahme unseres Freundeskreises am Handwerkermarkt am 28. August im Rahmen der in diesem Jahr hoffentlich stattfindenden Kirmes haben wir ins Auge gefasst.<\/p>\n\n\n\n<p>F\u00fcr den 24. September 2022 planen wir den 8. M\u00fchlh\u00e4user Museumsball. Thema des Balles und Benefizzweck sind noch in Vorbereitung.<\/p>\n\n\n\n<p>Den Abschluss unserer Aktivit\u00e4ten in diesem Jahr bildet die Exkursion am 15. Oktober nach Heiligenstadt mit dem Besuch des Theodor-Storm-Museums sowie des Eichsfeldmuseums.<\/p>\n\n\n\n<p>Liebe Freunde der M\u00fchlh\u00e4user Museen, ich m\u00f6chte Ihnen allen abschlie\u00dfend sehr herzlich f\u00fcr Ihr ungebrochenes b\u00fcrgerschaftliches Engagement danken.<\/p>\n\n\n\n<p>Mit Ihrer Hilfe ist es nicht nur gelungen, unseren vor nahezu zw\u00f6lf Jahren gegr\u00fcndeten Freundeskreis fest im kulturellen Leben der Stadt M\u00fchlhausen zu verankern, dar\u00fcber hinaus tr\u00e4gt er inzwischen wesentlich zur kulturellen Identit\u00e4t mit der Region bei.<\/p>\n\n\n\n<p>M\u00fchlhausen, 23. M\u00e4rz 2022<\/p>\n","protected":false},"excerpt":{"rendered":"<p>des Vorstandes des Freundeskreises M\u00fchlh\u00e4user Museen e. V.(von Dr. Michael Scholl, Erster Vorsitzender) \u201eKultur ist das gr\u00f6\u00dftenational\u00f6konomische Paradoxon:die ist nicht bilanzf\u00e4higund tr\u00e4gt langfristig Zinsen.\u201cProf. Dr. Friedrich AchleitnerSchriftsteller, Architekt(\u00d6sterreich, 1930 \u2013 2019) Liebe Freunde der M\u00fchlh\u00e4user Museen, wir alle waren vor wenigen Wochen noch frohen Mutes, dass die Zeiten der coronabedingten tiefgreifenden Beschr\u00e4nkungen bald der Vergangenheit <a href=\"https:\/\/www.freundeskreis-muehlhaeuser-museen.de\/?p=1354\" class=\"more-link\">...weiterlesen<span class=\"screen-reader-text\"> \"Rechenschaftsbericht 2021\"<\/span><\/a><\/p>\n","protected":false},"author":1,"featured_media":0,"comment_status":"open","ping_status":"open","sticky":false,"template":"","format":"standard","meta":{"footnotes":""},"categories":[6],"tags":[],"_links":{"self":[{"href":"https:\/\/www.freundeskreis-muehlhaeuser-museen.de\/index.php?rest_route=\/wp\/v2\/posts\/1354"}],"collection":[{"href":"https:\/\/www.freundeskreis-muehlhaeuser-museen.de\/index.php?rest_route=\/wp\/v2\/posts"}],"about":[{"href":"https:\/\/www.freundeskreis-muehlhaeuser-museen.de\/index.php?rest_route=\/wp\/v2\/types\/post"}],"author":[{"embeddable":true,"href":"https:\/\/www.freundeskreis-muehlhaeuser-museen.de\/index.php?rest_route=\/wp\/v2\/users\/1"}],"replies":[{"embeddable":true,"href":"https:\/\/www.freundeskreis-muehlhaeuser-museen.de\/index.php?rest_route=%2Fwp%2Fv2%2Fcomments&post=1354"}],"version-history":[{"count":2,"href":"https:\/\/www.freundeskreis-muehlhaeuser-museen.de\/index.php?rest_route=\/wp\/v2\/posts\/1354\/revisions"}],"predecessor-version":[{"id":1356,"href":"https:\/\/www.freundeskreis-muehlhaeuser-museen.de\/index.php?rest_route=\/wp\/v2\/posts\/1354\/revisions\/1356"}],"wp:attachment":[{"href":"https:\/\/www.freundeskreis-muehlhaeuser-museen.de\/index.php?rest_route=%2Fwp%2Fv2%2Fmedia&parent=1354"}],"wp:term":[{"taxonomy":"category","embeddable":true,"href":"https:\/\/www.freundeskreis-muehlhaeuser-museen.de\/index.php?rest_route=%2Fwp%2Fv2%2Fcategories&post=1354"},{"taxonomy":"post_tag","embeddable":true,"href":"https:\/\/www.freundeskreis-muehlhaeuser-museen.de\/index.php?rest_route=%2Fwp%2Fv2%2Ftags&post=1354"}],"curies":[{"name":"wp","href":"https:\/\/api.w.org\/{rel}","templated":true}]}}