{"id":1275,"date":"2021-06-24T18:03:23","date_gmt":"2021-06-24T18:03:23","guid":{"rendered":"https:\/\/www.freundeskreis-muehlhaeuser-museen.de\/?p=1275"},"modified":"2021-06-24T18:03:23","modified_gmt":"2021-06-24T18:03:23","slug":"kultursommer-unser-freundeskreis-mit-neuer-veranstaltungsreihe-grossartiger-auftakt-mit-thomas-thieme","status":"publish","type":"post","link":"https:\/\/www.freundeskreis-muehlhaeuser-museen.de\/?p=1275","title":{"rendered":"Kultursommer: Unser Freundeskreis mit neuer Veranstaltungsreihe \/ gro\u00dfartiger Auftakt mit Thomas Thieme"},"content":{"rendered":"\n<p>Ein wunderbarer Abend wurde der Samstag, 19. Juni, auf dem Kristanplatz. Mit dem Schauspieler Thomas Thieme startete unser Freundeskreis eine neue, hochklassige Veranstaltungsreihe in M\u00fchlhausen: den Kultursommer. Das Gespr\u00e4ch mit dem Weimarer Gast setzte den unterhaltsamen und am\u00fcsanten Auftakt vor ausverkaufter Runde. Unser Erster Vorsitzende, Dr. Michael Scholl, interviewte den prominenten Fernseh-Mann. Pfiffig und originell rollte sich das von Humor getragene Frage-Antwortspiel \u00fcber Fu\u00dfball im Allgemeinen und das Jahrzehnte lange Schauspielerleben des Thomas Thieme im Besonderen durch den Sommerabend. Sehr sch\u00f6n die musikalische Begleitung durch Arthur Thieme an der Gitarre.<\/p>\n\n\n\n<figure class=\"wp-block-gallery columns-3 is-cropped wp-block-gallery-1 is-layout-flex wp-block-gallery-is-layout-flex\"><ul class=\"blocks-gallery-grid\"><li class=\"blocks-gallery-item\"><figure><img loading=\"lazy\" decoding=\"async\" width=\"1024\" height=\"614\" src=\"https:\/\/www.freundeskreis-muehlhaeuser-museen.de\/wp-content\/uploads\/2021\/06\/210619-Thieme-Abend-2-1024x614.jpg\" alt=\"\" data-id=\"1276\" data-full-url=\"https:\/\/www.freundeskreis-muehlhaeuser-museen.de\/wp-content\/uploads\/2021\/06\/210619-Thieme-Abend-2.jpg\" data-link=\"https:\/\/www.freundeskreis-muehlhaeuser-museen.de\/?attachment_id=1276\" class=\"wp-image-1276\" srcset=\"https:\/\/www.freundeskreis-muehlhaeuser-museen.de\/wp-content\/uploads\/2021\/06\/210619-Thieme-Abend-2-1024x614.jpg 1024w, https:\/\/www.freundeskreis-muehlhaeuser-museen.de\/wp-content\/uploads\/2021\/06\/210619-Thieme-Abend-2-300x180.jpg 300w, https:\/\/www.freundeskreis-muehlhaeuser-museen.de\/wp-content\/uploads\/2021\/06\/210619-Thieme-Abend-2-768x461.jpg 768w, https:\/\/www.freundeskreis-muehlhaeuser-museen.de\/wp-content\/uploads\/2021\/06\/210619-Thieme-Abend-2-1536x922.jpg 1536w, https:\/\/www.freundeskreis-muehlhaeuser-museen.de\/wp-content\/uploads\/2021\/06\/210619-Thieme-Abend-2-2048x1229.jpg 2048w, https:\/\/www.freundeskreis-muehlhaeuser-museen.de\/wp-content\/uploads\/2021\/06\/210619-Thieme-Abend-2-960x576.jpg 960w\" sizes=\"(max-width: 1024px) 100vw, 1024px\" \/><\/figure><\/li><li class=\"blocks-gallery-item\"><figure><img loading=\"lazy\" decoding=\"async\" width=\"1024\" height=\"614\" src=\"https:\/\/www.freundeskreis-muehlhaeuser-museen.de\/wp-content\/uploads\/2021\/06\/210619-Thieme-Abend-6-1024x614.jpg\" alt=\"\" data-id=\"1277\" data-full-url=\"https:\/\/www.freundeskreis-muehlhaeuser-museen.de\/wp-content\/uploads\/2021\/06\/210619-Thieme-Abend-6.jpg\" data-link=\"https:\/\/www.freundeskreis-muehlhaeuser-museen.de\/?attachment_id=1277\" class=\"wp-image-1277\" srcset=\"https:\/\/www.freundeskreis-muehlhaeuser-museen.de\/wp-content\/uploads\/2021\/06\/210619-Thieme-Abend-6-1024x614.jpg 1024w, https:\/\/www.freundeskreis-muehlhaeuser-museen.de\/wp-content\/uploads\/2021\/06\/210619-Thieme-Abend-6-300x180.jpg 300w, https:\/\/www.freundeskreis-muehlhaeuser-museen.de\/wp-content\/uploads\/2021\/06\/210619-Thieme-Abend-6-768x461.jpg 768w, https:\/\/www.freundeskreis-muehlhaeuser-museen.de\/wp-content\/uploads\/2021\/06\/210619-Thieme-Abend-6-1536x922.jpg 1536w, https:\/\/www.freundeskreis-muehlhaeuser-museen.de\/wp-content\/uploads\/2021\/06\/210619-Thieme-Abend-6-2048x1229.jpg 2048w, https:\/\/www.freundeskreis-muehlhaeuser-museen.de\/wp-content\/uploads\/2021\/06\/210619-Thieme-Abend-6-960x576.jpg 960w\" sizes=\"(max-width: 1024px) 100vw, 1024px\" \/><\/figure><\/li><li class=\"blocks-gallery-item\"><figure><img loading=\"lazy\" decoding=\"async\" width=\"1024\" height=\"614\" src=\"https:\/\/www.freundeskreis-muehlhaeuser-museen.de\/wp-content\/uploads\/2021\/06\/210619-Thieme-Abend-7-1024x614.jpg\" alt=\"\" data-id=\"1278\" data-full-url=\"https:\/\/www.freundeskreis-muehlhaeuser-museen.de\/wp-content\/uploads\/2021\/06\/210619-Thieme-Abend-7.jpg\" data-link=\"https:\/\/www.freundeskreis-muehlhaeuser-museen.de\/?attachment_id=1278\" class=\"wp-image-1278\" srcset=\"https:\/\/www.freundeskreis-muehlhaeuser-museen.de\/wp-content\/uploads\/2021\/06\/210619-Thieme-Abend-7-1024x614.jpg 1024w, https:\/\/www.freundeskreis-muehlhaeuser-museen.de\/wp-content\/uploads\/2021\/06\/210619-Thieme-Abend-7-300x180.jpg 300w, https:\/\/www.freundeskreis-muehlhaeuser-museen.de\/wp-content\/uploads\/2021\/06\/210619-Thieme-Abend-7-768x461.jpg 768w, https:\/\/www.freundeskreis-muehlhaeuser-museen.de\/wp-content\/uploads\/2021\/06\/210619-Thieme-Abend-7-1536x922.jpg 1536w, https:\/\/www.freundeskreis-muehlhaeuser-museen.de\/wp-content\/uploads\/2021\/06\/210619-Thieme-Abend-7-2048x1229.jpg 2048w, https:\/\/www.freundeskreis-muehlhaeuser-museen.de\/wp-content\/uploads\/2021\/06\/210619-Thieme-Abend-7-960x576.jpg 960w\" sizes=\"(max-width: 1024px) 100vw, 1024px\" \/><\/figure><\/li><li class=\"blocks-gallery-item\"><figure><img loading=\"lazy\" decoding=\"async\" width=\"1024\" height=\"614\" src=\"https:\/\/www.freundeskreis-muehlhaeuser-museen.de\/wp-content\/uploads\/2021\/06\/210619-Thieme-Abend-8-1024x614.jpg\" alt=\"\" data-id=\"1279\" data-full-url=\"https:\/\/www.freundeskreis-muehlhaeuser-museen.de\/wp-content\/uploads\/2021\/06\/210619-Thieme-Abend-8.jpg\" data-link=\"https:\/\/www.freundeskreis-muehlhaeuser-museen.de\/?attachment_id=1279\" class=\"wp-image-1279\" srcset=\"https:\/\/www.freundeskreis-muehlhaeuser-museen.de\/wp-content\/uploads\/2021\/06\/210619-Thieme-Abend-8-1024x614.jpg 1024w, https:\/\/www.freundeskreis-muehlhaeuser-museen.de\/wp-content\/uploads\/2021\/06\/210619-Thieme-Abend-8-300x180.jpg 300w, https:\/\/www.freundeskreis-muehlhaeuser-museen.de\/wp-content\/uploads\/2021\/06\/210619-Thieme-Abend-8-768x461.jpg 768w, https:\/\/www.freundeskreis-muehlhaeuser-museen.de\/wp-content\/uploads\/2021\/06\/210619-Thieme-Abend-8-1536x922.jpg 1536w, https:\/\/www.freundeskreis-muehlhaeuser-museen.de\/wp-content\/uploads\/2021\/06\/210619-Thieme-Abend-8-2048x1229.jpg 2048w, https:\/\/www.freundeskreis-muehlhaeuser-museen.de\/wp-content\/uploads\/2021\/06\/210619-Thieme-Abend-8-960x576.jpg 960w\" sizes=\"(max-width: 1024px) 100vw, 1024px\" \/><\/figure><\/li><li class=\"blocks-gallery-item\"><figure><img loading=\"lazy\" decoding=\"async\" width=\"1024\" height=\"614\" src=\"https:\/\/www.freundeskreis-muehlhaeuser-museen.de\/wp-content\/uploads\/2021\/06\/210619-Thieme-Abend-12-1024x614.jpg\" alt=\"\" data-id=\"1280\" data-full-url=\"https:\/\/www.freundeskreis-muehlhaeuser-museen.de\/wp-content\/uploads\/2021\/06\/210619-Thieme-Abend-12.jpg\" data-link=\"https:\/\/www.freundeskreis-muehlhaeuser-museen.de\/?attachment_id=1280\" class=\"wp-image-1280\" srcset=\"https:\/\/www.freundeskreis-muehlhaeuser-museen.de\/wp-content\/uploads\/2021\/06\/210619-Thieme-Abend-12-1024x614.jpg 1024w, https:\/\/www.freundeskreis-muehlhaeuser-museen.de\/wp-content\/uploads\/2021\/06\/210619-Thieme-Abend-12-300x180.jpg 300w, https:\/\/www.freundeskreis-muehlhaeuser-museen.de\/wp-content\/uploads\/2021\/06\/210619-Thieme-Abend-12-768x461.jpg 768w, https:\/\/www.freundeskreis-muehlhaeuser-museen.de\/wp-content\/uploads\/2021\/06\/210619-Thieme-Abend-12-1536x922.jpg 1536w, https:\/\/www.freundeskreis-muehlhaeuser-museen.de\/wp-content\/uploads\/2021\/06\/210619-Thieme-Abend-12-2048x1229.jpg 2048w, https:\/\/www.freundeskreis-muehlhaeuser-museen.de\/wp-content\/uploads\/2021\/06\/210619-Thieme-Abend-12-960x576.jpg 960w\" sizes=\"(max-width: 1024px) 100vw, 1024px\" \/><\/figure><\/li><\/ul><\/figure>\n\n\n\n<!--more-->\n\n\n\n<p><strong>Termine vormerken<\/strong><\/p>\n\n\n\n<p>Zwei weitere Veranstaltungen stehen auf dem Kultursommer-Programm: Sonntag, 22. August, 18 Uhr der Auftritt von Helmut Eisel &amp; JEM und Dienstag, 31. August, 19 Uhr, der Liederabend \u201eWenn du nur zuweilen l\u00e4chelst\u201c mit der Sopranistin Marietta Zumb\u00fclt, begleitet von Andr\u00e9 Kasel am Klavier und der Sprecherin Christine Hansmann.<\/p>\n","protected":false},"excerpt":{"rendered":"<p>Ein wunderbarer Abend wurde der Samstag, 19. Juni, auf dem Kristanplatz. Mit dem Schauspieler Thomas Thieme startete unser Freundeskreis eine neue, hochklassige Veranstaltungsreihe in M\u00fchlhausen: den Kultursommer. Das Gespr\u00e4ch mit dem Weimarer Gast setzte den unterhaltsamen und am\u00fcsanten Auftakt vor ausverkaufter Runde. Unser Erster Vorsitzende, Dr. Michael Scholl, interviewte den prominenten Fernseh-Mann. Pfiffig und originell <a href=\"https:\/\/www.freundeskreis-muehlhaeuser-museen.de\/?p=1275\" class=\"more-link\">...weiterlesen<span class=\"screen-reader-text\"> \"Kultursommer: Unser Freundeskreis mit neuer Veranstaltungsreihe \/ gro\u00dfartiger Auftakt mit Thomas Thieme\"<\/span><\/a><\/p>\n","protected":false},"author":1,"featured_media":0,"comment_status":"open","ping_status":"open","sticky":false,"template":"","format":"standard","meta":{"footnotes":""},"categories":[1,5],"tags":[],"_links":{"self":[{"href":"https:\/\/www.freundeskreis-muehlhaeuser-museen.de\/index.php?rest_route=\/wp\/v2\/posts\/1275"}],"collection":[{"href":"https:\/\/www.freundeskreis-muehlhaeuser-museen.de\/index.php?rest_route=\/wp\/v2\/posts"}],"about":[{"href":"https:\/\/www.freundeskreis-muehlhaeuser-museen.de\/index.php?rest_route=\/wp\/v2\/types\/post"}],"author":[{"embeddable":true,"href":"https:\/\/www.freundeskreis-muehlhaeuser-museen.de\/index.php?rest_route=\/wp\/v2\/users\/1"}],"replies":[{"embeddable":true,"href":"https:\/\/www.freundeskreis-muehlhaeuser-museen.de\/index.php?rest_route=%2Fwp%2Fv2%2Fcomments&post=1275"}],"version-history":[{"count":1,"href":"https:\/\/www.freundeskreis-muehlhaeuser-museen.de\/index.php?rest_route=\/wp\/v2\/posts\/1275\/revisions"}],"predecessor-version":[{"id":1281,"href":"https:\/\/www.freundeskreis-muehlhaeuser-museen.de\/index.php?rest_route=\/wp\/v2\/posts\/1275\/revisions\/1281"}],"wp:attachment":[{"href":"https:\/\/www.freundeskreis-muehlhaeuser-museen.de\/index.php?rest_route=%2Fwp%2Fv2%2Fmedia&parent=1275"}],"wp:term":[{"taxonomy":"category","embeddable":true,"href":"https:\/\/www.freundeskreis-muehlhaeuser-museen.de\/index.php?rest_route=%2Fwp%2Fv2%2Fcategories&post=1275"},{"taxonomy":"post_tag","embeddable":true,"href":"https:\/\/www.freundeskreis-muehlhaeuser-museen.de\/index.php?rest_route=%2Fwp%2Fv2%2Ftags&post=1275"}],"curies":[{"name":"wp","href":"https:\/\/api.w.org\/{rel}","templated":true}]}}