{"id":1272,"date":"2021-05-26T17:37:32","date_gmt":"2021-05-26T17:37:32","guid":{"rendered":"https:\/\/www.freundeskreis-muehlhaeuser-museen.de\/?p=1272"},"modified":"2021-05-26T17:37:32","modified_gmt":"2021-05-26T17:37:32","slug":"festkonzert-ins-naechste-jahr-verschoben","status":"publish","type":"post","link":"https:\/\/www.freundeskreis-muehlhaeuser-museen.de\/?p=1272","title":{"rendered":"Festkonzert ins n\u00e4chste Jahr verschoben"},"content":{"rendered":"\n<p>Liebe Freunde der M\u00fchlh\u00e4user Museen, liebe Konzertbesucher,<\/p>\n\n\n\n<p>mit gro\u00dfem Bedauern muss ich Ihnen im Namen des Vorstandes des Freundeskreises M\u00fchlh\u00e4user Museen mitteilen, dass unser f\u00fcr den 18.Juni 2021 terminiertes Festkonzert mit der Staatskapelle Weimar wiederum ausfallen muss. Trotz all unserer Bem\u00fchungen, einschlie\u00dflich der Erstellung eines detaillierten Infektionsschutzkonzeptes, lassen die gegenw\u00e4rtig geltenden gesetzlichen Bestimmungen des Bundes und des Freistaates Th\u00fcringen die Auff\u00fchrung des Konzertes in der Kornmarktkirche (420 verkaufte Karten) nicht zu.<br>Die Entt\u00e4uschung unsererseits ist sehr gro\u00df, bedeutet es doch nach dem 12.Mai 2020 bereits die zweite Absage des Festkonzertes anl\u00e4sslich des zehnj\u00e4hrigen Gr\u00fcndungsjubil\u00e4ums unseres Freundeskreises. Dankenswerterweise konnten wir uns mit der Staatskapelle Weimar sehr rasch auf einen neuen Termin einigen. Das Konzert soll nunmehr am 7.April 2022, um 19.00Uhr, in der Kornmarktkirche in M\u00fchlhausen stattfinden!<br>Selbstverst\u00e4ndlich behalten die bereits erworbenen Eintrittskarten weiterhin ihre G\u00fcltigkeit. Sie w\u00fcrden unseren Freundeskreis enorm unterst\u00fctzen, wenn Sie wiederholt auf die R\u00fcckzahlung des Kartenpreises verzichten w\u00fcrden und stattdessen das dann am 7.4.2022 auch hoffentlich stattfindende Konzert besuchen.<br>F\u00fcr Ihr Verst\u00e4ndnis danke ich Ihnen sehr!<br>Mit herzlichen Gr\u00fc\u00dfen, verbunden mit der Hoffnung auf eine baldige \u00d6ffnung des kulturellen Lebens in unserer Region, verbleibt<\/p>\n\n\n\n<p>Dr. Michael Scholl<br>Erster Vorsitzender<\/p>\n","protected":false},"excerpt":{"rendered":"<p>Liebe Freunde der M\u00fchlh\u00e4user Museen, liebe Konzertbesucher, mit gro\u00dfem Bedauern muss ich Ihnen im Namen des Vorstandes des Freundeskreises M\u00fchlh\u00e4user Museen mitteilen, dass unser f\u00fcr den 18.Juni 2021 terminiertes Festkonzert mit der Staatskapelle Weimar wiederum ausfallen muss. Trotz all unserer Bem\u00fchungen, einschlie\u00dflich der Erstellung eines detaillierten Infektionsschutzkonzeptes, lassen die gegenw\u00e4rtig geltenden gesetzlichen Bestimmungen des Bundes <a href=\"https:\/\/www.freundeskreis-muehlhaeuser-museen.de\/?p=1272\" class=\"more-link\">...weiterlesen<span class=\"screen-reader-text\"> \"Festkonzert ins n\u00e4chste Jahr verschoben\"<\/span><\/a><\/p>\n","protected":false},"author":1,"featured_media":0,"comment_status":"open","ping_status":"open","sticky":false,"template":"","format":"standard","meta":{"footnotes":""},"categories":[6,1],"tags":[],"_links":{"self":[{"href":"https:\/\/www.freundeskreis-muehlhaeuser-museen.de\/index.php?rest_route=\/wp\/v2\/posts\/1272"}],"collection":[{"href":"https:\/\/www.freundeskreis-muehlhaeuser-museen.de\/index.php?rest_route=\/wp\/v2\/posts"}],"about":[{"href":"https:\/\/www.freundeskreis-muehlhaeuser-museen.de\/index.php?rest_route=\/wp\/v2\/types\/post"}],"author":[{"embeddable":true,"href":"https:\/\/www.freundeskreis-muehlhaeuser-museen.de\/index.php?rest_route=\/wp\/v2\/users\/1"}],"replies":[{"embeddable":true,"href":"https:\/\/www.freundeskreis-muehlhaeuser-museen.de\/index.php?rest_route=%2Fwp%2Fv2%2Fcomments&post=1272"}],"version-history":[{"count":1,"href":"https:\/\/www.freundeskreis-muehlhaeuser-museen.de\/index.php?rest_route=\/wp\/v2\/posts\/1272\/revisions"}],"predecessor-version":[{"id":1273,"href":"https:\/\/www.freundeskreis-muehlhaeuser-museen.de\/index.php?rest_route=\/wp\/v2\/posts\/1272\/revisions\/1273"}],"wp:attachment":[{"href":"https:\/\/www.freundeskreis-muehlhaeuser-museen.de\/index.php?rest_route=%2Fwp%2Fv2%2Fmedia&parent=1272"}],"wp:term":[{"taxonomy":"category","embeddable":true,"href":"https:\/\/www.freundeskreis-muehlhaeuser-museen.de\/index.php?rest_route=%2Fwp%2Fv2%2Fcategories&post=1272"},{"taxonomy":"post_tag","embeddable":true,"href":"https:\/\/www.freundeskreis-muehlhaeuser-museen.de\/index.php?rest_route=%2Fwp%2Fv2%2Ftags&post=1272"}],"curies":[{"name":"wp","href":"https:\/\/api.w.org\/{rel}","templated":true}]}}