{"id":1266,"date":"2021-04-05T08:54:18","date_gmt":"2021-04-05T08:54:18","guid":{"rendered":"http:\/\/www.freundeskreis-muehlhaeuser-museen.de\/?p=1266"},"modified":"2021-04-05T08:59:59","modified_gmt":"2021-04-05T08:59:59","slug":"freundesbrief-30-maerz-2021","status":"publish","type":"post","link":"https:\/\/www.freundeskreis-muehlhaeuser-museen.de\/?p=1266","title":{"rendered":"Freundesbrief, 30. M\u00e4rz 2021"},"content":{"rendered":"\n<p><strong>Gelungene Rekonstruktion eines einmaligen Denkmals<\/strong><\/p>\n\n\n\n<p>Liebe Freunde der M\u00fchlh\u00e4user Museen,<\/p>\n\n\n\n<p>mit den Einnahmen aus der Tombola des letzten Museumsballs und der Hilfe der Erfurter Restauratorin Heike Gla\u00df sowie der Bildhauerin Astrid Wegerich aus H\u00fcpstedt gelang die Restaurierung und Rekonstruktion eines beeindruckenden Zeugnisses mitteldeutscher Bestattungskultur. Ein Grabmal aus Holz, das urspr\u00fcnglich auf dem Kirchhof von Divi Blasii stand, wird bald im Themenraum zur M\u00fchlh\u00e4user Industriegeschichte im Kulturhistorischen Museum zu sehen sein.<\/p>\n\n\n\n<!--more-->\n\n\n\n<p>Dieses Denkmal erinnert an ein schweres Ungl\u00fcck, das sich am 25. Juli 1792 zugetragen hat. Ort des Geschehens war die Seifensiederei der Familie Becherer am T\u00f6pfermarkt, der Ostseite des heutigen Untermarktes. Im Sterberegister der Kirchengemeinde St. Georgii ist vermerkt, dass ein J. G. Gro\u00dfe an jenem uns\u00e4glichen Tag eine Abflussgrube in der Scheune, in die jahrelang Laugen und abge\u00e4tzter Kalk hineingesch\u00fcttet worden waren, aussch\u00f6pfen und reinigen sollte. Durch die giftigen D\u00e4mpfe verlor er das Bewusstsein und starb in dem Loch. Bei dem Versuch zu helfen, starben anschlie\u00dfend Vater und Sohn Becherer. Auch einen Tuchmacher aus der Nachbarschaft, ein Meister M\u00fcller, ereilte dasselbe Schicksal. Ihm folgte ein zuf\u00e4llig vorbeikommender junger Mann, der auf viel Zureden ebenfalls eine Rettung wagte. Ein sechster Mann, der an einen Strick gebunden wurde, konnte gerade noch rechtzeitig aus dem Loch gezogen werden.<\/p>\n\n\n\n<p>F\u00fcr drei der Opfer wurde das Grabmal errichtet. Es bestand urspr\u00fcnglich aus einem stelenartigen Monument mit Inschriften und Reliefs sowie zwei Klagefiguren. W\u00e4hrend die noch vorhandenen Teile des mehr als 200-j\u00e4hrigen Denkmals von der Erfurter Expertin Heike Gla\u00df in langwieriger Kleinarbeit wieder restauriert wurden, gelang es der H\u00fcpstedter Bildschnitzerin Astrid Wegerich die im Laufe der Jahrhunderte verschollenen Teile zu rekonstruieren und nachzuschnitzen.<\/p>\n\n\n\n<figure class=\"wp-block-image size-large\"><img loading=\"lazy\" decoding=\"async\" width=\"1024\" height=\"789\" src=\"https:\/\/www.freundeskreis-muehlhaeuser-museen.de\/wp-content\/uploads\/2021\/04\/20210319_l_Header_2-1024x789.jpg\" alt=\"\" class=\"wp-image-1269\" srcset=\"https:\/\/www.freundeskreis-muehlhaeuser-museen.de\/wp-content\/uploads\/2021\/04\/20210319_l_Header_2-1024x789.jpg 1024w, https:\/\/www.freundeskreis-muehlhaeuser-museen.de\/wp-content\/uploads\/2021\/04\/20210319_l_Header_2-300x231.jpg 300w, https:\/\/www.freundeskreis-muehlhaeuser-museen.de\/wp-content\/uploads\/2021\/04\/20210319_l_Header_2-768x592.jpg 768w, https:\/\/www.freundeskreis-muehlhaeuser-museen.de\/wp-content\/uploads\/2021\/04\/20210319_l_Header_2-1536x1183.jpg 1536w, https:\/\/www.freundeskreis-muehlhaeuser-museen.de\/wp-content\/uploads\/2021\/04\/20210319_l_Header_2-960x740.jpg 960w, https:\/\/www.freundeskreis-muehlhaeuser-museen.de\/wp-content\/uploads\/2021\/04\/20210319_l_Header_2.jpg 1772w\" sizes=\"(max-width: 1024px) 100vw, 1024px\" \/><\/figure>\n\n\n\n<p>In den n\u00e4chsten Wochen werden wir das gro\u00dfartige Exponat auch der Presse vorstellen, doch zuvor sollen Sie einen ersten Blick darauf werfen \u2013 dies leider erst einmal nur auf dem Papier! Verbunden mit einem gro\u00dfen Dank f\u00fcr Ihre Hilfe und herzlichen Gr\u00fc\u00dfen aus dem Kulturhistorischen Museum, hoffen wir auf ein baldiges Wiedersehen<\/p>\n\n\n\n<p>Ihre<\/p>\n\n\n\n<p>Dr. Michael Scholl<br>Vorsitzender des Freundeskreises M\u00fchlh\u00e4user Museen<\/p>\n\n\n\n<p>Dr. Thomas T. M\u00fcller<br>Direktor der M\u00fchlh\u00e4user Museen<\/p>\n","protected":false},"excerpt":{"rendered":"<p>Gelungene Rekonstruktion eines einmaligen Denkmals Liebe Freunde der M\u00fchlh\u00e4user Museen, mit den Einnahmen aus der Tombola des letzten Museumsballs und der Hilfe der Erfurter Restauratorin Heike Gla\u00df sowie der Bildhauerin Astrid Wegerich aus H\u00fcpstedt gelang die Restaurierung und Rekonstruktion eines beeindruckenden Zeugnisses mitteldeutscher Bestattungskultur. Ein Grabmal aus Holz, das urspr\u00fcnglich auf dem Kirchhof von Divi <a href=\"https:\/\/www.freundeskreis-muehlhaeuser-museen.de\/?p=1266\" class=\"more-link\">...weiterlesen<span class=\"screen-reader-text\"> \"Freundesbrief, 30. M\u00e4rz 2021\"<\/span><\/a><\/p>\n","protected":false},"author":1,"featured_media":0,"comment_status":"open","ping_status":"open","sticky":false,"template":"","format":"standard","meta":{"footnotes":""},"categories":[2],"tags":[],"_links":{"self":[{"href":"https:\/\/www.freundeskreis-muehlhaeuser-museen.de\/index.php?rest_route=\/wp\/v2\/posts\/1266"}],"collection":[{"href":"https:\/\/www.freundeskreis-muehlhaeuser-museen.de\/index.php?rest_route=\/wp\/v2\/posts"}],"about":[{"href":"https:\/\/www.freundeskreis-muehlhaeuser-museen.de\/index.php?rest_route=\/wp\/v2\/types\/post"}],"author":[{"embeddable":true,"href":"https:\/\/www.freundeskreis-muehlhaeuser-museen.de\/index.php?rest_route=\/wp\/v2\/users\/1"}],"replies":[{"embeddable":true,"href":"https:\/\/www.freundeskreis-muehlhaeuser-museen.de\/index.php?rest_route=%2Fwp%2Fv2%2Fcomments&post=1266"}],"version-history":[{"count":3,"href":"https:\/\/www.freundeskreis-muehlhaeuser-museen.de\/index.php?rest_route=\/wp\/v2\/posts\/1266\/revisions"}],"predecessor-version":[{"id":1270,"href":"https:\/\/www.freundeskreis-muehlhaeuser-museen.de\/index.php?rest_route=\/wp\/v2\/posts\/1266\/revisions\/1270"}],"wp:attachment":[{"href":"https:\/\/www.freundeskreis-muehlhaeuser-museen.de\/index.php?rest_route=%2Fwp%2Fv2%2Fmedia&parent=1266"}],"wp:term":[{"taxonomy":"category","embeddable":true,"href":"https:\/\/www.freundeskreis-muehlhaeuser-museen.de\/index.php?rest_route=%2Fwp%2Fv2%2Fcategories&post=1266"},{"taxonomy":"post_tag","embeddable":true,"href":"https:\/\/www.freundeskreis-muehlhaeuser-museen.de\/index.php?rest_route=%2Fwp%2Fv2%2Ftags&post=1266"}],"curies":[{"name":"wp","href":"https:\/\/api.w.org\/{rel}","templated":true}]}}