{"id":1215,"date":"2020-04-23T15:09:41","date_gmt":"2020-04-23T15:09:41","guid":{"rendered":"http:\/\/www.freundeskreis-muehlhaeuser-museen.de\/?p=1215"},"modified":"2020-04-23T15:11:03","modified_gmt":"2020-04-23T15:11:03","slug":"absage-festkonzert-12-05-2020","status":"publish","type":"post","link":"https:\/\/www.freundeskreis-muehlhaeuser-museen.de\/?p=1215","title":{"rendered":"Absage Festkonzert 12.05.2020"},"content":{"rendered":"\n<p>Sehr\ngeehrte Damen und Herren,<\/p>\n\n\n\n<p>liebe\nFreunde der M\u00fchlh\u00e4user Museen,<\/p>\n\n\n\n<p>mit\ngro\u00dfem Bedauern teile ich Ihnen im Namen des Vorstandes des\nFreundeskreises M\u00fchlh\u00e4user Museen mit, dass unser f\u00fcr den 12. Mai\n2020 geplantes Festkonzert mit der Staatskapelle Weimar aufgrund der \n                Corona-Pandemie ausfallen muss.<\/p>\n\n\n\n<!--more-->\n\n\n\n<p>Nach\nintensiver Er\u00f6rterung der Situation mit dem Orchesterdirektor,      \n           Herrn Nils Kretschmer, sind wir zu der \u00dcberzeugung\ngelangt, dass die gegenw\u00e4rtigen Einschr\u00e4nkungen im\ngesellschaftlichen Leben eine Planung des Konzertes noch in diesem\nJahr nahezu unm\u00f6glich machen.<\/p>\n\n\n\n<p>Das\nBeethoven-Festkonzert wird deshalb in das Jahr 2021 verschoben. \u00dcber\nden genauen Termin informieren wir Sie, sobald die Staatskapelle\nWeimar ihre Planung f\u00fcr die neue Spielzeit konkretisiert hat.<\/p>\n\n\n\n<p>Auf\njeden Fall behalten die von Ihnen erworbenen Eintrittskarten ihre\nG\u00fcltigkeit!<\/p>\n\n\n\n<p>Es\nw\u00e4re unserem Freundeskreis eine gro\u00dfe Hilfe, wenn Sie Ihre\nEintrittskarten bis zum Konzert 2021 behalten k\u00f6nnten.<\/p>\n\n\n\n<p>Falls\nSie dies nicht m\u00f6chten, werden wir Ihnen den Eintrittspreis\nzur\u00fcckerstatten.<\/p>\n\n\n\n<p>Ich\nhoffe sehr auf Ihr Verst\u00e4ndnis f\u00fcr die uns alle nicht einfache\nSituation.<\/p>\n\n\n\n<p>Bleiben\nSie bitte gesund und freuen Sie sich auf das im Jahr 2021\nstattfindende Festkonzert der Staatskapelle Weimar.<\/p>\n\n\n\n<p>Im\nNamen des Vorstandes des Freundeskreises M\u00fchlh\u00e4user Museen\nverbleibt mit herzlichen Gr\u00fc\u00dfen \n<\/p>\n\n\n\n<p>Ihr\nDr. Michael Scholl<\/p>\n","protected":false},"excerpt":{"rendered":"<p>Sehr geehrte Damen und Herren, liebe Freunde der M\u00fchlh\u00e4user Museen, mit gro\u00dfem Bedauern teile ich Ihnen im Namen des Vorstandes des Freundeskreises M\u00fchlh\u00e4user Museen mit, dass unser f\u00fcr den 12. Mai 2020 geplantes Festkonzert mit der Staatskapelle Weimar aufgrund der Corona-Pandemie ausfallen muss.<\/p>\n","protected":false},"author":1,"featured_media":0,"comment_status":"open","ping_status":"open","sticky":false,"template":"","format":"standard","meta":{"footnotes":""},"categories":[1,5],"tags":[],"_links":{"self":[{"href":"https:\/\/www.freundeskreis-muehlhaeuser-museen.de\/index.php?rest_route=\/wp\/v2\/posts\/1215"}],"collection":[{"href":"https:\/\/www.freundeskreis-muehlhaeuser-museen.de\/index.php?rest_route=\/wp\/v2\/posts"}],"about":[{"href":"https:\/\/www.freundeskreis-muehlhaeuser-museen.de\/index.php?rest_route=\/wp\/v2\/types\/post"}],"author":[{"embeddable":true,"href":"https:\/\/www.freundeskreis-muehlhaeuser-museen.de\/index.php?rest_route=\/wp\/v2\/users\/1"}],"replies":[{"embeddable":true,"href":"https:\/\/www.freundeskreis-muehlhaeuser-museen.de\/index.php?rest_route=%2Fwp%2Fv2%2Fcomments&post=1215"}],"version-history":[{"count":1,"href":"https:\/\/www.freundeskreis-muehlhaeuser-museen.de\/index.php?rest_route=\/wp\/v2\/posts\/1215\/revisions"}],"predecessor-version":[{"id":1216,"href":"https:\/\/www.freundeskreis-muehlhaeuser-museen.de\/index.php?rest_route=\/wp\/v2\/posts\/1215\/revisions\/1216"}],"wp:attachment":[{"href":"https:\/\/www.freundeskreis-muehlhaeuser-museen.de\/index.php?rest_route=%2Fwp%2Fv2%2Fmedia&parent=1215"}],"wp:term":[{"taxonomy":"category","embeddable":true,"href":"https:\/\/www.freundeskreis-muehlhaeuser-museen.de\/index.php?rest_route=%2Fwp%2Fv2%2Fcategories&post=1215"},{"taxonomy":"post_tag","embeddable":true,"href":"https:\/\/www.freundeskreis-muehlhaeuser-museen.de\/index.php?rest_route=%2Fwp%2Fv2%2Ftags&post=1215"}],"curies":[{"name":"wp","href":"https:\/\/api.w.org\/{rel}","templated":true}]}}