{"id":1212,"date":"2020-03-19T20:12:32","date_gmt":"2020-03-19T20:12:32","guid":{"rendered":"http:\/\/www.freundeskreis-muehlhaeuser-museen.de\/?p=1212"},"modified":"2020-03-19T20:12:32","modified_gmt":"2020-03-19T20:12:32","slug":"freundeskreis-muehlhaeuser-museen-verschiebt-mitgliederversammlung","status":"publish","type":"post","link":"https:\/\/www.freundeskreis-muehlhaeuser-museen.de\/?p=1212","title":{"rendered":"Freundeskreis M\u00fchlh\u00e4user Museen verschiebt Mitgliederversammlung."},"content":{"rendered":"\n<p>Die\nf\u00fcr Mittwoch, 25. M\u00e4rz, geplante Mitgliederversammlung  des\nFreundeskreises M\u00fchlh\u00e4user Museen wird auf Grund der aktuellen\ngesellschaftlichen Situation verschoben. Dar\u00fcber informierte un\nserVorsitzende des Freundeskreises, Dr. Michael Scholl. Einen neuen\nTermin kann der Vorstand noch nicht nennen. \u201eWir m\u00fcssen abwarten,\nwie sich angesichts der Corona-Pandemie alles entwickelt\u201c, so der\nVorsitzende.   Ein neuer Termin wird zu gegebener Zeit unter\nEinhaltung der in der Satzung vorgegebenen Frist mitgeteilt. \n<\/p>\n\n\n\n<!--more-->\n\n\n\n<p>Bez\u00fcglich\ndes geplanten Festkonzertes der Staatskapelle Weimar am Dienstag, am\n12. Mai, um 19 Uhr, in der Kornmarktkirche geht Dr. Scholl davon aus,\ndass das Konzert stattfinden kann. Sollte sich die Situation\ndiesbez\u00fcglich \u00e4ndern, werde dies zeitnah mitgeteilt. Auch eine\nVerlegung des Konzertes in den Sommer 2020 w\u00e4re dann denkbar.<\/p>\n\n\n\n<p>Unser\nFreundeskreis M\u00fchlh\u00e4user Museen ist einer der gro\u00dfen Kulturverein\nim Landkreis. Er z\u00e4hlt rund 300 Mitglieder.<\/p>\n","protected":false},"excerpt":{"rendered":"<p>Die f\u00fcr Mittwoch, 25. M\u00e4rz, geplante Mitgliederversammlung des Freundeskreises M\u00fchlh\u00e4user Museen wird auf Grund der aktuellen gesellschaftlichen Situation verschoben. Dar\u00fcber informierte un serVorsitzende des Freundeskreises, Dr. Michael Scholl. Einen neuen Termin kann der Vorstand noch nicht nennen. \u201eWir m\u00fcssen abwarten, wie sich angesichts der Corona-Pandemie alles entwickelt\u201c, so der Vorsitzende. Ein neuer Termin wird zu <a href=\"https:\/\/www.freundeskreis-muehlhaeuser-museen.de\/?p=1212\" class=\"more-link\">...weiterlesen<span class=\"screen-reader-text\"> \"Freundeskreis M\u00fchlh\u00e4user Museen verschiebt Mitgliederversammlung.\"<\/span><\/a><\/p>\n","protected":false},"author":1,"featured_media":0,"comment_status":"open","ping_status":"open","sticky":false,"template":"","format":"standard","meta":{"footnotes":""},"categories":[6],"tags":[],"_links":{"self":[{"href":"https:\/\/www.freundeskreis-muehlhaeuser-museen.de\/index.php?rest_route=\/wp\/v2\/posts\/1212"}],"collection":[{"href":"https:\/\/www.freundeskreis-muehlhaeuser-museen.de\/index.php?rest_route=\/wp\/v2\/posts"}],"about":[{"href":"https:\/\/www.freundeskreis-muehlhaeuser-museen.de\/index.php?rest_route=\/wp\/v2\/types\/post"}],"author":[{"embeddable":true,"href":"https:\/\/www.freundeskreis-muehlhaeuser-museen.de\/index.php?rest_route=\/wp\/v2\/users\/1"}],"replies":[{"embeddable":true,"href":"https:\/\/www.freundeskreis-muehlhaeuser-museen.de\/index.php?rest_route=%2Fwp%2Fv2%2Fcomments&post=1212"}],"version-history":[{"count":1,"href":"https:\/\/www.freundeskreis-muehlhaeuser-museen.de\/index.php?rest_route=\/wp\/v2\/posts\/1212\/revisions"}],"predecessor-version":[{"id":1213,"href":"https:\/\/www.freundeskreis-muehlhaeuser-museen.de\/index.php?rest_route=\/wp\/v2\/posts\/1212\/revisions\/1213"}],"wp:attachment":[{"href":"https:\/\/www.freundeskreis-muehlhaeuser-museen.de\/index.php?rest_route=%2Fwp%2Fv2%2Fmedia&parent=1212"}],"wp:term":[{"taxonomy":"category","embeddable":true,"href":"https:\/\/www.freundeskreis-muehlhaeuser-museen.de\/index.php?rest_route=%2Fwp%2Fv2%2Fcategories&post=1212"},{"taxonomy":"post_tag","embeddable":true,"href":"https:\/\/www.freundeskreis-muehlhaeuser-museen.de\/index.php?rest_route=%2Fwp%2Fv2%2Ftags&post=1212"}],"curies":[{"name":"wp","href":"https:\/\/api.w.org\/{rel}","templated":true}]}}