{"id":1171,"date":"2019-12-02T17:48:06","date_gmt":"2019-12-02T17:48:06","guid":{"rendered":"http:\/\/www.freundeskreis-muehlhaeuser-museen.de\/?p=1171"},"modified":"2019-12-18T18:14:36","modified_gmt":"2019-12-18T18:14:36","slug":"1171","status":"publish","type":"post","link":"https:\/\/www.freundeskreis-muehlhaeuser-museen.de\/?p=1171","title":{"rendered":"Freundesbrief Dezember 2019"},"content":{"rendered":"\n<p>Liebe\nFreunde der M\u00fchlh\u00e4user Museen, \n<\/p>\n\n\n\n<p>unser\nvorweihnachtlicher Benefizabend mit Cora Irsen und Thomas Thieme am\n10. Dezember vor ausverkauftem Haus (und das schon Wochen im Voraus)\nbildete einen \u00fcberaus gelungenen Abschluss der Aktivit\u00e4ten unseres\nFreundeskreises im Jahre 2019. Lassen Sie mich in gewohnter Art und\nWeise noch einmal auf die letzten Monate zur\u00fcckblicken. \n<\/p>\n\n\n\n<!--more-->\n\n\n\n<p>Die\nTeilnahme unseres Freundeskreises sowohl an der M\u00fchlh\u00e4user\nMuseumsnacht (17.08.2019) als auch auf dem allj\u00e4hrlich\nstattfindenden Handwerkermarkt am Kirmessonntag (25.08.2019)\ngestaltete sich \u00e4u\u00dferst erfolgreich. Dank vieler flei\u00dfiger Helfer\naus dem Freundeskreis wurden unz\u00e4hlige Kuchenst\u00fccke, Fettbrote,\n\u201eM\u00fchlh\u00e4user Pfl\u00f6cke\u201c sowie Kaffee, hessischer Apfelwein und\nBier f\u00fcr einen guten Zweck ver\u00e4u\u00dfert. Mit den auf dem\nHandwerkermarkt erzielten Einnahmen in H\u00f6he von nahezu 2.500 Euro\nverzeichneten wir einen Rekorderl\u00f6s!<\/p>\n\n\n\n<p>Am\n12. September nahmen viele Museumsfreunde an der Er\u00f6ffnung der lange\nerwarteten Ausstellung f\u00fcr den Maler und Grafiker Carl Gottfried\nPfannschmidt teil, dessen Geburtstag sich in diesem Jahr zum 200. Mal\nj\u00e4hrt. Die finanzielle Beteiligung des Freundeskreises an diesem\nAusstellungsprojekt war nicht unerheblich!<\/p>\n\n\n\n<p>Der\nbereits sechste M\u00fchlh\u00e4user Museumsball unter dem Motto \u201eBabylon\nM\u00fchlhausen\u201c am 26. Oktober gestaltete sich zu einem turbulenten\nn\u00e4chtlichen Ausflug in die flirrenden Wirren der zwanziger Jahre.\nDer Freundeskreis erzielte dank der Tombola und der verkauften\nFoto-Sticks einen Erl\u00f6s von mehr als 5.000 Euro, womit der Ankauf\ndes Gem\u00e4ldes \u201eBauernrevolte\u201c von Johann Frank Kirchbach\nrealisiert werden kann. Das Bild soll im Rahmen der 2025\nstattfindenden Landesausstellung \u201e500 Jahre Bauernkrieg\u201c\npr\u00e4sentiert werden. An dieser Stelle m\u00f6chte ich mich im Namen des\nVorstandes bei den nahezu 100 Sponsoren auf das Herzlichste f\u00fcr ihre\ngro\u00dfz\u00fcgige Spendenbereitschaft bedanken, womit \u00fcber die Tombola\nder Benefizzweck des Museumsballes erf\u00fcllt werden konnte. \n<\/p>\n\n\n\n<p>Unsere\ndiesj\u00e4hrige Exkursion f\u00fchrte uns am 16. November in das Herzogliche\nMuseum nach Gotha, eingeschlossen war auch eine Besichtigung des\nEkhof-Theaters. Die mehr als vierzig mitgereisten Museumsfreunde\nwurden als G\u00e4ste der Stiftung Schloss Friedenstein sehr herzlich in\nGotha aufgenommen. Wir freuen uns auf den Gegenbesuch im n\u00e4chsten\nJahr.<\/p>\n\n\n\n<p>Zu\nBeginn des neuen Jahres d\u00fcrfen Sie sich auf zwei weitere\nVeranstaltungen freuen. Am 28. Januar 2020, dem 220. Geburtstag\nFriedrich August St\u00fclers, wird zum f\u00fcnften Mal der St\u00fcler-Preis\nf\u00fcr junge Wissenschaftler vergeben. Eine Einladung hierf\u00fcr ist dem\nFreundesbrief beigef\u00fcgt.<\/p>\n\n\n\n<p>Am\nSamstag, dem 1. Februar 2020, wird das Lyric Opera Studio aus Weimar\nmit einem Opern-Gala-Konzert unter Beteiligung von drei\u00dfig S\u00e4ngern\neinen festlichen Benefizabend gestalten, mit dem unser Freundeskreis\ndas zehnj\u00e4hrige Jubil\u00e4um seines Bestehens begehen wird. \n<\/p>\n\n\n\n<p>In\ndiesem Kontext steht auch das Beethoven-Festkonzert der Staatskapelle\nWeimar am 12. Mai 2020, um 19:00 Uhr, in der Kornmarktkirche in\nM\u00fchlhausen, zu dem ich Sie schon heute einladen darf. \n<\/p>\n\n\n\n<p>Liebe\nFreunde der M\u00fchlh\u00e4user Museen, ich darf Ihnen f\u00fcr die\nbevorstehenden Festtage besinnliche Stunden abseits des allt\u00e4glichen\nTrubels w\u00fcnschen und verbinde dies mit der Hoffnung, dass Sie auch\nim Jahre 2020 dem Freundeskreis M\u00fchlh\u00e4user Museen gewogen bleiben.<\/p>\n\n\n\n<p>Mit\nherzlichen Gr\u00fc\u00dfen verbleibt<\/p>\n\n\n\n<p>Ihr<\/p>\n\n\n\n<p>Dr.\nMichael Scholl<\/p>\n\n\n\n<p>Erster\nVorsitzender<\/p>\n","protected":false},"excerpt":{"rendered":"<p>Liebe Freunde der M\u00fchlh\u00e4user Museen, unser vorweihnachtlicher Benefizabend mit Cora Irsen und Thomas Thieme am 10. Dezember vor ausverkauftem Haus (und das schon Wochen im Voraus) bildete einen \u00fcberaus gelungenen Abschluss der Aktivit\u00e4ten unseres Freundeskreises im Jahre 2019. Lassen Sie mich in gewohnter Art und Weise noch einmal auf die letzten Monate zur\u00fcckblicken.<\/p>\n","protected":false},"author":1,"featured_media":0,"comment_status":"open","ping_status":"open","sticky":false,"template":"","format":"standard","meta":{"footnotes":""},"categories":[2],"tags":[],"_links":{"self":[{"href":"https:\/\/www.freundeskreis-muehlhaeuser-museen.de\/index.php?rest_route=\/wp\/v2\/posts\/1171"}],"collection":[{"href":"https:\/\/www.freundeskreis-muehlhaeuser-museen.de\/index.php?rest_route=\/wp\/v2\/posts"}],"about":[{"href":"https:\/\/www.freundeskreis-muehlhaeuser-museen.de\/index.php?rest_route=\/wp\/v2\/types\/post"}],"author":[{"embeddable":true,"href":"https:\/\/www.freundeskreis-muehlhaeuser-museen.de\/index.php?rest_route=\/wp\/v2\/users\/1"}],"replies":[{"embeddable":true,"href":"https:\/\/www.freundeskreis-muehlhaeuser-museen.de\/index.php?rest_route=%2Fwp%2Fv2%2Fcomments&post=1171"}],"version-history":[{"count":4,"href":"https:\/\/www.freundeskreis-muehlhaeuser-museen.de\/index.php?rest_route=\/wp\/v2\/posts\/1171\/revisions"}],"predecessor-version":[{"id":1203,"href":"https:\/\/www.freundeskreis-muehlhaeuser-museen.de\/index.php?rest_route=\/wp\/v2\/posts\/1171\/revisions\/1203"}],"wp:attachment":[{"href":"https:\/\/www.freundeskreis-muehlhaeuser-museen.de\/index.php?rest_route=%2Fwp%2Fv2%2Fmedia&parent=1171"}],"wp:term":[{"taxonomy":"category","embeddable":true,"href":"https:\/\/www.freundeskreis-muehlhaeuser-museen.de\/index.php?rest_route=%2Fwp%2Fv2%2Fcategories&post=1171"},{"taxonomy":"post_tag","embeddable":true,"href":"https:\/\/www.freundeskreis-muehlhaeuser-museen.de\/index.php?rest_route=%2Fwp%2Fv2%2Ftags&post=1171"}],"curies":[{"name":"wp","href":"https:\/\/api.w.org\/{rel}","templated":true}]}}