{"id":1114,"date":"2019-08-11T13:56:10","date_gmt":"2019-08-11T13:56:10","guid":{"rendered":"http:\/\/www.freundeskreis-muehlhaeuser-museen.de\/?p=1114"},"modified":"2019-08-11T14:02:53","modified_gmt":"2019-08-11T14:02:53","slug":"freundesbrief-juli-2019","status":"publish","type":"post","link":"https:\/\/www.freundeskreis-muehlhaeuser-museen.de\/?p=1114","title":{"rendered":"Freundesbrief &#8211; Juli 2019"},"content":{"rendered":"\n<p>Liebe\nFreunde der M\u00fchlh\u00e4user Museen, \n<\/p>\n\n\n\n<p>wie\nin jedem Jahr m\u00f6chte ich Ihnen den traditionellen Freundesbrief zur\nSommerzeit zusenden. Am 27. M\u00e4rz fand unsere diesj\u00e4hrige\nMitgliederversammlung in der Rathaushalle statt. Ca. 70\nVereinsmitglieder fanden sich ein, um die Jahresrechnung 2018 zu\ngenehmigen und den Vorstand zu entlasten. F\u00fcr die Wahl eines neuen\nVorstandes stellten sich die bisherigen Vorstandsmitglieder wieder\nzur Verf\u00fcgung, einm\u00fctig erhielten sie alle das Votum, f\u00fcr die\nn\u00e4chsten drei Jahre die Geschicke des Freundeskreises wieder zu\nlenken. \n<\/p>\n\n\n\n<!--more-->\n\n\n\n<p>Einen\nau\u00dfergew\u00f6hnlichen und beeindruckenden Benefizabend erlebten mehr\nals 250 Besucher am 7. Mai in der Kornmarktkirche. Der Schauspieler\nJ\u00fcrg Wisbach vom Konzert Theater Bern gab mit \u201eJudas\u201c der Ikone\ndes Verrats in einem Theatermonolog von Lot Vekemans erstmals eine\neigene Stimme. Mit dem Erl\u00f6s dieser Benefizveranstaltung des\nFreundeskreises wurde der Grundstock geschaffen, den Druck eines\nBegleitbandes zur Premiumausstellung \u201eVon Einh\u00f6rnern und\nDrachent\u00f6tern\u201c in der Marienkirche zu erm\u00f6glichen. Diese\nBegleitpublikation wird noch in diesem Jahr erscheinen! \n<\/p>\n\n\n\n<p>Im\nZusammenhang mit dieser Ausstellung soll nicht unerw\u00e4hnt bleiben,\ndass seit dem 3. Juli f\u00fcr Kinder ein neuer Audioguide existiert. Der\nAudioguide wurde von Kindern f\u00fcr Kinder produziert. Im Schulprojekt\n\u201eH\u00f6r mal im Museum\u201c haben sich Sch\u00fcler der Freien\nGemeinschaftsschule \u201eJanusz Korczak\u201c mit der Ausstellung in der\nMarienkirche intensiv besch\u00e4ftigt und mit ihren Worten neu\ninterpretiert. Entstanden sind spannende und interessante H\u00f6rtexte,\ndie von den Kindern in einem professionellen Studio eingesprochen und\nvertont wurden. Finanziert wurden die Ger\u00e4te durch unseren\nFreundeskreis!<\/p>\n\n\n\n<p>Und\nder Freundeskreis ist noch an einem weiteren Vorhaben der M\u00fchlh\u00e4user\nMuseen beteiligt. Die Einnahmen des letztj\u00e4hrigen\nWeihnachtskonzertes \u201eHappy Weihnukka!\u201c flossen in ein\nAusstellungsprojekt zugunsten des M\u00fchlh\u00e4user Malers und Grafikers\nCarl Gottfried Pfannschmidt, dessen 200. Geburtstag sich in diesem\nJahr j\u00e4hrt. Die Er\u00f6ffnung dieser Ausstellung wird am 12. September\n2019 stattfinden. \n<\/p>\n\n\n\n<p>Liebe\nFreunde der M\u00fchlh\u00e4user Museen, gestatten Sie mir bitte nachfolgend\neinen Ausblick auf die  bereits feststehenden Termine und\nVeranstaltungen der zweiten Jahresh\u00e4lfte und unseres Jubil\u00e4umsjahres\n2020 (10 Jahre Freundeskreis). \n<\/p>\n\n\n\n<p>Am\n17. August 2019 findet die M\u00fchlh\u00e4user Museumsnacht statt. Der\nFreundeskreis wird sich wie im vergangenen Jahr mit einem Stand\n(Fettbrote, Hessischer Apfelwein) in der Zeit von 18:00 bis 20:00 Uhr\nam Kulturhistorischen Museum einbringen. Die \u201eKulturbund Swingers\u201c\nsind zwecks musikalischer Unterst\u00fctzung angefragt. \n<\/p>\n\n\n\n<p>Traditionellerweise\npr\u00e4sentiert sich unser Freundeskreis auf dem allj\u00e4hrlich\nstattfindenden Handwerkermarkt, so auch in diesem Jahr am\nKirmessonntag, dem 25. August. Zum Handwerkermarkt werden wir die nun\nschon bekannten \u201eM\u00fchlh\u00e4user Pfl\u00f6cke\u201c backen, Apfelwein, Bier\nund Kaffee ausschenken. Ebenso wird wieder reichlich selbstgebackener\nKuchen ben\u00f6tigt! Alle hoffentlich zahlreichen Helfer und\nKuchenb\u00e4cker melden sich bitte zeitnah bei Iris Henning (Tel. 036026\n97530; Mail <a href=\"mailto:info@mhl-museen.de\">info@mhl-museen.de<\/a>).\nF\u00fcr den Aufbau unseres Standes am 25.08.2019, ab 10:00 Uhr, werden\nauch helfende H\u00e4nde gebraucht!<\/p>\n\n\n\n<p>Unsere\ndiesj\u00e4hrige Exkursion f\u00fchrt uns am 16. November (der urspr\u00fcngliche\nTermin 07.09.2019 entf\u00e4llt) nach Gotha. Das Herzogliche Museum und\neine Besichtigung des Eckhof-Theaters sind das Ziel unserer Reise.\nDie Details werden Ihnen rechtzeitig vor dem Termin per Post\nmitgeteilt.<\/p>\n\n\n\n<p>Mit\ndem nunmehr bereits 6. Museumsball, unter dem Motto \u201eBabylon\nM\u00fchlhausen\u201c, steht am 26. Oktober 2019 ein turbulenter n\u00e4chtlicher\nAusflug in die flirrenden Wirren der zwanziger Jahre bevor. F\u00fcr die\nmusikalische Untermalung des Balls konnten in diesem Jahr die\n\u201eComedian Harmonists\u201c verpflichtet werden. Nat\u00fcrlich nicht die\noriginale Besetzung dieser \u201e\u00e4ltesten Boy-Group der Welt\u201c,\nsondern die S\u00e4nger der legend\u00e4ren Weimarer Inszenierung. Sichern\nSie sich also rechtzeitig Karten f\u00fcr diesen gesellschaftlichen\nH\u00f6hepunkt in M\u00fchlhausen!<\/p>\n\n\n\n<p>Am\n10. Dezember, 19:00 Uhr, wird in der Kornmarktkirche ein weiterer\nhochkar\u00e4tiger Benefizabend stattfinden, \u201eWeihnachtsgeschichten mit\nThomas Thieme und Cora Irsen\u201c. Es ist uns eine gro\u00dfe Freude, diese\nbeiden Ausnahmek\u00fcnstler wiederholt in M\u00fchlhausen pr\u00e4sentieren zu\nk\u00f6nnen!<\/p>\n\n\n\n<p>Im\nn\u00e4chsten Jahr wird unser Freundeskreis M\u00fchlh\u00e4user Museen\ntats\u00e4chlich schon zehn Jahre existieren. In diesem Kontext wird auch\ndie f\u00fcnfte Vergabe des Friedrich-August-St\u00fcler-F\u00f6rderpreises f\u00fcr\njunge Wissenschaftler am 28. Januar 2020 stehen. \n<\/p>\n\n\n\n<p>Und\nzwei weitere Termine sollten Sie sich f\u00fcr 2020 unbedingt vormerken!\nAm Samstag, dem 1. Februar 2020, wird erstmals das Lyric Opera Studio\naus Weimar mit einem Opern-Gala-Konzert unter Beteiligung von 30\nS\u00e4ngern im Rahmen eines Benefizabends f\u00fcr unseren Freundeskreis\nauftreten. Diesen Abend wird der k\u00fcnstlerische Leiter des\nOpernstudios, der Bass-Bariton Damon Nestor Ploumis, moderieren. \n<\/p>\n\n\n\n<p>Und\nam 12. Mai 2020 wird die Staatskapelle Weimar mit einem\nBeethoven-Festkonzert Gast des Freundeskreises M\u00fchlh\u00e4user Museen\nsein. Sie d\u00fcrfen sich auf hochkar\u00e4tige Kultur freuen!<\/p>\n\n\n\n<p>Liebe\nFreunde der M\u00fchlh\u00e4user Museen, lassen Sie mich abschlie\u00dfend Danke\nsagen f\u00fcr Ihr b\u00fcrgerschaftliches Engagement und Ihre Unterst\u00fctzung\nunserer gemeinsamen Vorhaben. Bleiben Sie dem Freundeskreis weiterhin\ngewogen!<\/p>\n\n\n\n<p>Mit\nden besten W\u00fcnschen f\u00fcr die Sommer- und Urlaubszeit verbleibt<\/p>\n\n\n\n<p>Ihr<\/p>\n\n\n\n<p>Michael\nScholl<\/p>\n\n\n\n<p>P.\nS.: Wenn Sie an kurzfristigen Informationen zum Freundeskreis und den\nM\u00fchlh\u00e4user Museen interessiert sind, k\u00f6nnen Sie Ihre\nMail-Anschrift unter <a href=\"mailto:info@mhl-museen.de\">info@mhl-museen.de<\/a>\nhinterlegen.<\/p>\n\n\n\n<p><\/p>\n","protected":false},"excerpt":{"rendered":"<p>Liebe Freunde der M\u00fchlh\u00e4user Museen, wie in jedem Jahr m\u00f6chte ich Ihnen den traditionellen Freundesbrief zur Sommerzeit zusenden. Am 27. M\u00e4rz fand unsere diesj\u00e4hrige Mitgliederversammlung in der Rathaushalle statt. Ca. 70 Vereinsmitglieder fanden sich ein, um die Jahresrechnung 2018 zu genehmigen und den Vorstand zu entlasten. F\u00fcr die Wahl eines neuen Vorstandes stellten sich die <a href=\"https:\/\/www.freundeskreis-muehlhaeuser-museen.de\/?p=1114\" class=\"more-link\">...weiterlesen<span class=\"screen-reader-text\"> \"Freundesbrief &#8211; Juli 2019\"<\/span><\/a><\/p>\n","protected":false},"author":1,"featured_media":0,"comment_status":"open","ping_status":"open","sticky":false,"template":"","format":"standard","meta":{"footnotes":""},"categories":[2],"tags":[],"_links":{"self":[{"href":"https:\/\/www.freundeskreis-muehlhaeuser-museen.de\/index.php?rest_route=\/wp\/v2\/posts\/1114"}],"collection":[{"href":"https:\/\/www.freundeskreis-muehlhaeuser-museen.de\/index.php?rest_route=\/wp\/v2\/posts"}],"about":[{"href":"https:\/\/www.freundeskreis-muehlhaeuser-museen.de\/index.php?rest_route=\/wp\/v2\/types\/post"}],"author":[{"embeddable":true,"href":"https:\/\/www.freundeskreis-muehlhaeuser-museen.de\/index.php?rest_route=\/wp\/v2\/users\/1"}],"replies":[{"embeddable":true,"href":"https:\/\/www.freundeskreis-muehlhaeuser-museen.de\/index.php?rest_route=%2Fwp%2Fv2%2Fcomments&post=1114"}],"version-history":[{"count":1,"href":"https:\/\/www.freundeskreis-muehlhaeuser-museen.de\/index.php?rest_route=\/wp\/v2\/posts\/1114\/revisions"}],"predecessor-version":[{"id":1115,"href":"https:\/\/www.freundeskreis-muehlhaeuser-museen.de\/index.php?rest_route=\/wp\/v2\/posts\/1114\/revisions\/1115"}],"wp:attachment":[{"href":"https:\/\/www.freundeskreis-muehlhaeuser-museen.de\/index.php?rest_route=%2Fwp%2Fv2%2Fmedia&parent=1114"}],"wp:term":[{"taxonomy":"category","embeddable":true,"href":"https:\/\/www.freundeskreis-muehlhaeuser-museen.de\/index.php?rest_route=%2Fwp%2Fv2%2Fcategories&post=1114"},{"taxonomy":"post_tag","embeddable":true,"href":"https:\/\/www.freundeskreis-muehlhaeuser-museen.de\/index.php?rest_route=%2Fwp%2Fv2%2Ftags&post=1114"}],"curies":[{"name":"wp","href":"https:\/\/api.w.org\/{rel}","templated":true}]}}