{"id":1099,"date":"2019-03-31T18:28:32","date_gmt":"2019-03-31T18:28:32","guid":{"rendered":"http:\/\/www.freundeskreis-muehlhaeuser-museen.de\/?p=1099"},"modified":"2020-03-19T20:07:58","modified_gmt":"2020-03-19T20:07:58","slug":"rechenschaftsbericht-fuer-das-jahr-2018","status":"publish","type":"post","link":"https:\/\/www.freundeskreis-muehlhaeuser-museen.de\/?p=1099","title":{"rendered":"Rechenschaftsbericht f\u00fcr das Jahr 2018"},"content":{"rendered":"\n<p><strong>Liebe\nFreunde der M\u00fchlh\u00e4user Museen!<\/strong><\/p>\n\n\n\n<p>\u201e<strong>Wenn\nman sich eine gro\u00dfe Zeit seines Lebens mit gewissen Gegenst\u00e4nden\nabgegeben hat, so w\u00fcnscht man sich und anderen doch auch zuletzt\nRechenschaft abzulegen, sich die Resultate klarzumachen und sie\nmitzuteilen.\u201c<\/strong><strong>Johann\nWolfgang von Goethe, 16.08.1799<\/strong><\/p>\n\n\n\n<!--more-->\n\n\n\n<p><strong>Liebe\nFreunde der M\u00fchlh\u00e4user Museen, dieser bereits von Goethe vor nahezu\n220 Jahren formulierten Pflicht m\u00f6chte ich im Auftrag des Vorstandes\nunseres Freundeskreises am heutigen Tage anl\u00e4sslich unserer\nOrdentlichen Mitgliederversammlung auch nachkommen.<\/strong><\/p>\n\n\n\n<p><strong>Ich\ntue dies in der guten Hoffnung, dass Sie dem Vorstand im Verlaufe\ndieser Versammlung letztlich auch die Entlastung f\u00fcr das Jahr 2018\nerteilen und damit der turnusgem\u00e4\u00dfen Wahl eines neuen Vorstandes\nden Weg ebnen. <\/strong>\n<\/p>\n\n\n\n<p><strong>Bereits\nam 22. Januar 2018 wurden die Sponsoren der Tombola des 4. M\u00fchlh\u00e4user\nMuseumballes 2017 zu einer Sonderf\u00fchrung durch den Themenraum\n\u201eB\u00fcrgerSTADT\u201c mit anschlie\u00dfendem Sektempfang eingeladen. Nahezu\n30 Sponsoren nahmen diese Einladung an und zeigten sich durchaus\nbeeindruckt von diesem unter wesentlicher Beteiligung des\nFreundeskreises geschaffenen Themenraum im Kulturhistorischen Museum.\n<\/strong>\n<\/p>\n\n\n\n<p><strong>Am\n28. Januar 2018 wurde zum vierten Mal der\nFriedrich-August-St\u00fcler-Preis des Freundeskreises M\u00fchlh\u00e4user\nMuseen vergeben. Preistr\u00e4gerin 2018 wurde die Studentin f\u00fcr\nKonservierung und Restaurierung (FH Erfurt) Manon Kelling. Mit einem\nim Jahr 2017 erarbeiteten Ma\u00dfnahmekonzept zur Restaurierung des\nM\u00fchlh\u00e4user Souvenir-Porzellans aus dem Sammlungsbestand der\nM\u00fchlh\u00e4user Museen und Durchf\u00fchrung aller empfohlenen Schritte zur\nRettung des kostbaren Porzellans konnte die angehende Restauratorin\ndie Jury des Freundeskreises \u00fcberzeugen. Nach Durchf\u00fchrung der\numsichtigen Restaurierungsma\u00dfnahmen wird ein Teil des Bestandes\nmittlerweile im Kulturhistorischen Museum in der Dauerausstellung zur\nM\u00fchlh\u00e4user Stadtgeschichte pr\u00e4sentiert.<\/strong><\/p>\n\n\n\n<p><strong>Unsere\nobligate Mitgliederversammlung fand am 21. M\u00e4rz in der Rathaushalle\nstatt. Ca. 75 Vereinsmitglieder fanden sich ein, um die\nJahresrechnung 2017 zu genehmigen und den Vorstand zu entlasten.<\/strong><\/p>\n\n\n\n<p><strong>Am\n24. M\u00e4rz 2018 konnten die Mitglieder unseres Freundeskreises an zwei\nexplizit f\u00fcr den Freundeskreis organisierten Sonderf\u00fchrungen durch\nden Themenraum \u201eB\u00fcrgerSTADT\u201c teilnehmen, was erfreulicherweise\nauf gro\u00dfe Resonanz stie\u00df.<\/strong><\/p>\n\n\n\n<p><strong>Im\nApril des vergangenen Jahres erhielt jedes Freundeskreismitglied als\nDankesch\u00f6n f\u00fcr die Treue zu <\/strong><strong>uns<\/strong><strong>\nund das Engagement in unserem Freundeskreis ein Exemplar des\nKataloges zur Ausstellung \u201eLuthers ungeliebte Br\u00fcder\u201c im\nBauernkriegsmuseum Kornmarktkirche geschenkt. <\/strong>\n<\/p>\n\n\n\n<p><strong>Mit\nden Erl\u00f6sen des vierten Museumsballes am 23. September 2017 sowie\ndes vorweihnachtlichen Benefizabends \u201eGrimms M\u00e4rchen\u201c mit Thomas\nThieme und Cora Irsen am 12. Dezember 2017 gelang es dem\nFreundeskreis, die notwendigen finanziellen Mittel f\u00fcr die\nErstellung dieser begleitenden Publikation zu akquirieren. Die\nDrucklegung des Kataloges erfolgte im Jahre 2018.<\/strong><\/p>\n\n\n\n<p><strong>Bez\u00fcglich\ndes Benefizkonzertes am 8. Mai 2018 in der Kornmarktkirche hatte ich\nzur letzten Mitgliederversammlung einen musikalischen Hochgenuss\nversprochen \u2013 das Rheingold Trio\u201c \u00fcbertraf die Erwartungen bei\nweitem. Mit begeistertem Applaus feierte das Publikum die\nDarbietungen der Fagottistin Lydia Pantzier und der Geschwister\nBettina Aust (Klarinette) und Robert Aust (Klavier). Mit den\nEinnahmen des Benefizkonzerts kann nunmehr ein historisches Laufrad\naus der Zeit 1860\/80 restauriert werden, um anschlie\u00dfend seinen\nPlatz im k\u00fcnftigen Themenraum \u201eIndustrieSTADT\u201c im Museum am\nKristanplatz einzunehmen. <\/strong>\n<\/p>\n\n\n\n<p><strong>Am\n18. August beteiligte sich der Freundeskreis an der neu konzipierten\nM\u00fchlh\u00e4user Museumsnacht mit einem Stand auf dem Kristanplatz. Der\nVerkauf von hessischem Apfelwein und Fettbroten unter musikalischer\nMitwirkung der Kulturbund-Swingers wurde von den zahlreichen\nBesuchern sehr gut angenommen. Aus unserer Sicht sollte an dem neuen\nKonzept mit Start am Kulturhistorischen Museum, dem etappenweisen\nBesuch von Kornmarkt- und Marienkirche und dem lockeren Abschluss am\nEnde <\/strong><strong>an\n<\/strong><strong>der\nStadtmauer festgehalten werden. Unser Freundeskreis ist jedenfalls\nauch 2019 wieder dabei!<\/strong><\/p>\n\n\n\n<p><strong>Die\nnun schon traditionelle Teilnahme des Freundeskreises am\nHandwerkermarkt erbrachte mit Einnahmen in H\u00f6he von 2.100 Euro einen\nRekorderl\u00f6s! Den vielen flei\u00dfigen Helfern aus dem Freundeskreis,\ndie sich allj\u00e4hrlich um den Aufbau des einige Meter langen\nVerkaufsstandes k\u00fcmmern, unz\u00e4hlige Fettbrote schmieren, \u00fcber\nzwanzig Kuchen backen, mehr als 300 \u201eM\u00fchlh\u00e4user Pfl\u00f6cke\u201c\nzubereiten und den Verkaufsstand betreuen gilt mein ausdr\u00fccklicher\nDank f\u00fcr das enorme Engagement! Eine Verst\u00e4rkung des quasi nun\nschon seit Jahren in nahezu unver\u00e4nderter Zusammensetzung agierenden\n\u201eHandwerkermarkt-Teams\u201c f\u00fcr den 25. August 2019 ist gern gesehen\nund auch notwendig.<\/strong><\/p>\n\n\n\n<p><strong>Am\n29. September f\u00fchrte uns die vom Zweiten Vorsitzenden, Dr. Rolf\nLuhn, bestens vorbereitete Exkursion nach Kassel in das Museum f\u00fcr\nSepulkralkultur und in die GRIMMWELT. Die mehr als drei\u00dfig Mitfahrer\nzeigten sich von beiden Museen sehr beeindruckt. <\/strong>\n<\/p>\n\n\n\n<p><strong>Die\nbereits f\u00fcnfte Auflage erlebte am 20. Oktober unser Museumsball, der\ndas Ambiente der Kornmarktkirche in einen Orientexpress verwandelte,\nin dem die G\u00e4ste kulinarisch verw\u00f6hnt wurden sowie Tanz, Musik und\nKultur auf h\u00f6chstem Niveau dominierten. <\/strong>\n<\/p>\n\n\n\n<p><strong>Dank\nder Spendenbereitschaft von nahezu einhundert Sponsoren erzielten wir\n\u00fcber den Losverkauf f\u00fcr die Tombola einen Erl\u00f6s von mehr als 4.400\nEuro. Mit dem Verkauf der Fotos vom Abend (auf USB-Stick) konnte der\nFreundeskreis letztlich mehr als 4.700 Euro f\u00fcr die Restaurierung\neines beeindruckenden Zeugnisses der Bestattungskultur aufbringen:\ndas Denkmal der Familien Becherer und M\u00fcller, die im Jahr 1792 Opfer\neines Kettenungl\u00fccks geworden sind. Dieses Grabmal soll im\nThemenraum zur Industriegeschichte im Kulturhistorischen Museum am\nKristanplatz gezeigt werden.<\/strong><\/p>\n\n\n\n<p><strong>Den\nauf der letztj\u00e4hrigen Mitgliederversammlung von unserem langj\u00e4hrigen\nMitglied Walter B\u00fctof eingebrachten Vorschlag zur Organisation einer\nReise auf den Spuren Friedrich August St\u00fclers nach Berlin griff der\nVorstand auf und organisierte diese Reise \u00fcber das Reiseb\u00fcro\n\u201eVianova\u201c. Vom 9. Bis 11. November begaben sich 23 Freunde\neinschlie\u00dflich G\u00e4ste auf eine hervorragend organisierte,\ninhaltsreiche und individuell gestaltete Reise, die uns das Wirken\ndes M\u00fchlh\u00e4user Baumeisters St\u00fcler im Kontext der preu\u00dfischen\nMonarchie n\u00e4herbachte. <\/strong>\n<\/p>\n\n\n\n<p><strong>Am\n12. November erlebten wir mit der Er\u00f6ffnung der Premiumausstellung\n\u201eVon Einh\u00f6rnern und Drachent\u00f6tern\u201c in der Marienkirche\nsicherlich den Ausstellungsh\u00f6hepunkt der M\u00fchlh\u00e4user Museen im\nJahre 2018. Die \u00fcberregional bedeutende Sammlung der Klassik\nStiftung Weimar zu mittelalterlichen Kunstwerken aus Th\u00fcringen wird\nin einem der gr\u00f6\u00dften gotischen Kirchenbauten Th\u00fcringens f\u00fcr die\nkommenden Jahre museal pr\u00e4sentiert. <\/strong>\n<\/p>\n\n\n\n<p><strong>Der\nVorstand des Freundeskreises wird in Abstimmung mit dem Direktor der\nM\u00fchlh\u00e4user Museen, Dr. Thomas T. M\u00fcller, und dem Kurator der\nAusstellung, Friedrich Staemmler, Sonderf\u00fchrungen durch diese\nAusstellung f\u00fcr die Freundeskreismitglieder in diesem Jahr\norganisieren. <\/strong>\n<\/p>\n\n\n\n<p><strong>Unser\nVorstand hat in diesem Zusammenhang beschlossen, die Einnahmen der\nn\u00e4chsten Benefizveranstaltungen f\u00fcr die Erstellung eines dringend\nben\u00f6tigten Kataloges f\u00fcr diese Premiumausstellung zu verwenden. <\/strong>\n<\/p>\n\n\n\n<p><strong>Mit\nunserem vorweihnachtlichen Benefizabend \u201eHappy Weihnukka\u201c am 11.\nDezember vor 450 Besuchern fanden die Aktivit\u00e4ten unseres\nFreundeskreises im Jahr 2018 einen w\u00fcrdigen Abschluss. <\/strong>\n<\/p>\n\n\n\n<p><strong>Dank\ndes \u00fcberw\u00e4ltigenden Zuspruchs kann der Freundeskreis seinen\nversprochenen Anteil an der Finanzierung des Ausstellungsprojektes\nanl\u00e4sslich des 200. Geburtstages des M\u00fchlh\u00e4user Malers und\nGrafikers Carl Gottfried Pfannschmidt in diesem Jahr auch realisieren\n(Ausstellungser\u00f6ffnung ist am 12. September 2019). <\/strong>\n<\/p>\n\n\n\n<p><strong>An\ndieser Stelle m\u00f6chte ich ausdr\u00fccklich hervorheben, dass s\u00e4mtliche\nBenefizveranstaltungen unseres Freundeskreises (Rheingold-Trio,\n\u201eHappy Weihnukka\u201c, Museumsball) aber auch die Pr\u00e4senz des\nVereins in der Museumsnacht und auf dem Handwerkermarkt nur durch das\ngro\u00dfz\u00fcgige finanzielle Engagement von Sponsoren \u2013 zumeist aus den\nReihen unseres Freundeskreises \u2013 erm\u00f6glicht wurden. Diesen\nSponsoren gilt unser aufrichtiger Dank!<\/strong><\/p>\n\n\n\n<p><strong>Zur\nVorstandsarbeit:<\/strong><\/p>\n\n\n\n<p><strong>Vorstandssitzungen\nfanden statt am 9. April 2018, 5. September 2018 und 28. Januar 2019.\nIch m\u00f6chte mich an dieser Stelle bei allen Vorstandsmitgliedern f\u00fcr\ndie sehr vertrauensvolle, engagierte und kreative Zusammenarbeit in\nden letzten drei Jahren bedanken. <\/strong>\n<\/p>\n\n\n\n<p><strong>Namentlich\nsind dies: <\/strong>\n<\/p>\n\n\n\n<ul><li><strong>Dr.\n\tRolf Luhn (Zweiter Vorsitzender)<\/strong>\n\t<\/li><li><strong>Iris\n\tHenning (Verantwortliche f\u00fcr \u00d6ffentlichkeitsarbeit)<\/strong>\n\t<\/li><li><strong>Christian\n\tBlechschmidt (Schatzmeister)<\/strong>\n\t<\/li><li><strong>Dr.\n\tFalk Walther (Schriftf\u00fchrer)<\/strong>\n\t<\/li><li><strong>Dr.\n\tThoms T. M\u00fcller (Direktor M\u00fchlh\u00e4user Museen)<\/strong>\n<\/li><\/ul>\n\n\n\n<p><strong>Ich\nschlie\u00dfe die Mitarbeiterinnen und Mitarbeiter der M\u00fchlh\u00e4user\nMuseen selbstverst\u00e4ndlich in meinen Dank f\u00fcr die sehr angenehme\nZusammenarbeit mit ein. <\/strong>\n<\/p>\n\n\n\n<ul><li><strong>Vorstellung\n\tFrau Susann Backhaus (Presse- und \u00d6ffentlichkeitsarbeit bei den\n\tM\u00fchlh\u00e4user Museen)<\/strong>\n<\/li><\/ul>\n\n\n\n<p><strong>Liebe\nMitglieder des Freundeskreises, das Jahr 2018 stellte f\u00fcr unseren\nVerein nach den erheblichen Ausgaben 2017 (Stichwort: B\u00fcrgerSTADT)\nsozusagen ein Jahr der finanziellen Konsolidierung dar, wenngleich\nwir nicht tatenlos geblieben sind. Unser Schatzmeister tr\u00e4gt Ihnen\ndies im Anschluss detailliert vor. <\/strong>\n<\/p>\n\n\n\n<p><strong>Sie\ngestatten mir bitte, die wesentlichen Ausgaben im Jahre 2018 f\u00fcr\nAnk\u00e4ufe, Drucklegungen und Sonstiges zu benennen: <\/strong>\n<\/p>\n\n\n\n<ol><li><strong>Preisgeld\n\tFriedrich-August-St\u00fcler-Preis f\u00fcr Manon Kelling (1.000,- Euro)<\/strong>\n\t<\/li><li><strong>Vervollst\u00e4ndigung\n\tunserer B\u00fchnenelemente (Podeste) in der Kornmarktkirche (2.180,00\n\tEuro)<\/strong>\n\t<\/li><li><strong>Drucklegung\n\tdes Kataloges \u201eLuthers ungeliebte Br\u00fcder\u201c einschlie\u00dflich\n\t\u00dcbersetzungsarbeiten (9.500,00 Euro)<\/strong>\n\t<\/li><li><strong>Ankauf\n\teiner Stadtansicht von M\u00fchlhausen (300 Euro)<\/strong>\n\t<\/li><li><strong>Ankauf\n\teines alten Versicherungsschildes (160 Euro)<\/strong>\n\t<\/li><li><strong>Im\n\tRahmen des Bundesfreiwilligendienstes \u00dcbernahme einer Stelle f\u00fcr\n\tein FSJ (3.700,00 Euro)<\/strong>\n<\/li><\/ol>\n\n\n\n<p><strong>Meine\nsehr geehrten Damen und Herren, worauf d\u00fcrfen Sie sich im Jahre 2019\nfreuen?<\/strong><\/p>\n\n\n\n<p><strong>Zu\neinem au\u00dfergew\u00f6hnlichen Benefizabend darf ich Sie im Namen des\nVorstandes am 7. Mai 2019, um 19:00 Uhr, in die Kornmarktkirche\neinladen. Der Schauspieler J\u00fcrg Wisbach (Konzert Theater Bern, zuvor\nu. a. DNT Weimar) verk\u00f6rpert nach Vorlage der niederl\u00e4ndischen\nDramatikerin Lot Vekemans Judas Iskarioth als Theaterfigur. Sein Name\nsteht unausl\u00f6schlich f\u00fcr Verrat. Doch wird nicht nur durch sein\nfalsches Zeugnis die Erl\u00f6sung der Menschheit oder zumindest das\nchristliche Abendland m\u00f6glich? <\/strong>\n<\/p>\n\n\n\n<p><strong>J\u00fcrg\nWisbach spielt in diesem siebzigmin\u00fctigen Monolog \u201eJudas\u201c und\nl\u00e4sst ihn \u00fcber seine Wut, seine Entt\u00e4uschung und seine Sehns\u00fcchte\nreden, ohne die Verantwortung f\u00fcr sein Handeln zu leugnen. Es steht\nuns zweifellos ein beeindruckender Abend bevor, der musikalisch durch\nKlezmervariationen von Helmut Eisel umrahmt wird. <\/strong>\n<\/p>\n\n\n\n<p><strong>Unsere\nf\u00fcr den 7. September geplante Exkursion f\u00fchrt uns in das am\nSchlosspark gelegene Herzogliche Museum in Gotha. Eine Besichtigung\ndes Eckhof-Theaters wird angefragt. <\/strong>\n<\/p>\n\n\n\n<p><strong>Der\nsechste Musemsball am 26. Oktober 2019 in der Kornmarktkirche wird\nuns in die zwanziger Jahre entf\u00fchren, die Comedian Harmonists (DNT\nWeimar) konnten f\u00fcr diesen Abend verpflichtet werden!<\/strong><\/p>\n\n\n\n<p><strong>Und\nam 10. Dezember, um 19:00 Uhr, werden Sie \u201eWeihnachtsgeschichten\nmit <\/strong><strong>Thomas<\/strong><strong>\nThieme und Cora Irsen\u201c in der Kornmarktkirche erleben. <\/strong>\n<\/p>\n\n\n\n<p>\n<strong>Das\nJahr 2020 stellt f\u00fcr unseren Freundeskreis ein Jubil\u00e4umsjahr dar.\nAm 30. April 2020 j\u00e4hrt sich zum zehnten Mal die Gr\u00fcndung unseres\nVereins. <\/strong>\n<\/p>\n\n\n\n<p><strong>Die\nVergabe des Friedrich-August-St\u00fcler-Preises am 28. Januar 2020\nwerden wir zum Anlass nehmen, in feierlicher Form der Gr\u00fcndung\nunseres Freundeskreises zehn Jahre zuvor zu gedenken. <\/strong>\n<\/p>\n\n\n\n<p><strong>Eingebettet\nin dieses Jubil\u00e4um wird es zwei herausragende Benefizveranstaltungen\nim n\u00e4chsten Jahr geben. Zum einen findet im Februar 2020 ein\nOpernabend in der Kornmarktkirche statt. Damon Nestor Ploumis\n(Amerikaner und Grieche, in Weimar lebend) wird mit seinem Lyric\nOpera Studio Mozarts \u201eDon Giovanni\u201c in M\u00fchlhausen pr\u00e4sentieren.\n<\/strong>\n<\/p>\n\n\n\n<p><strong>Und\nam 12. Mai 2020 gastiert die Staatskapelle Weimar auf Einladung des\nFreundeskreises mit einem Beethoven-Festkonzert in der\nKornmarktkirche. \u2013 Sie d\u00fcrfen sich auf zwei grandiose Abende\nfreuen!<\/strong><\/p>\n\n\n\n<p><strong>Liebe\nFreunde der M\u00fchlh\u00e4user Museen, damit bin ich nunmehr am Ende meiner\nAusf\u00fchrungen angelangt. Ich hoffe sehr, dass ich der von Goethe\neingangs zitierten Pflicht \u201eRechenschaft abzulegen, sich die\nResultate klarzumachen und sie mitzuteilen\u201c in einer f\u00fcr Sie\nakzeptablen Form gerecht geworden bin. <\/strong>\n<\/p>\n\n\n\n<p><strong>F\u00fcr\nIhr pers\u00f6nliches Engagement in unserem Freundeskreis danke ich Ihnen\nsehr. Jedoch d\u00fcrfen wir auch in unserem Bem\u00fchen nicht nachlassen,\nFreunde, Bekannte, Verwandte zur Mitgliedschaft in unserem Verein zu\nbewegen. Ein Ausruhen auf  dem Erreichten darf es nicht geben, im\nGegenteil -  wir sollten als Verein breit aufgestellt den M\u00fchlh\u00e4user\nMuseen auch weiterhin engagiert zur Seite stehen. <\/strong>\n<\/p>\n\n\n\n<p><strong>Vielen\nDank!<\/strong><\/p>\n","protected":false},"excerpt":{"rendered":"<p>Liebe Freunde der M\u00fchlh\u00e4user Museen! \u201eWenn man sich eine gro\u00dfe Zeit seines Lebens mit gewissen Gegenst\u00e4nden abgegeben hat, so w\u00fcnscht man sich und anderen doch auch zuletzt Rechenschaft abzulegen, sich die Resultate klarzumachen und sie mitzuteilen.\u201cJohann Wolfgang von Goethe, 16.08.1799<\/p>\n","protected":false},"author":1,"featured_media":0,"comment_status":"open","ping_status":"open","sticky":false,"template":"","format":"standard","meta":{"footnotes":""},"categories":[6],"tags":[],"_links":{"self":[{"href":"https:\/\/www.freundeskreis-muehlhaeuser-museen.de\/index.php?rest_route=\/wp\/v2\/posts\/1099"}],"collection":[{"href":"https:\/\/www.freundeskreis-muehlhaeuser-museen.de\/index.php?rest_route=\/wp\/v2\/posts"}],"about":[{"href":"https:\/\/www.freundeskreis-muehlhaeuser-museen.de\/index.php?rest_route=\/wp\/v2\/types\/post"}],"author":[{"embeddable":true,"href":"https:\/\/www.freundeskreis-muehlhaeuser-museen.de\/index.php?rest_route=\/wp\/v2\/users\/1"}],"replies":[{"embeddable":true,"href":"https:\/\/www.freundeskreis-muehlhaeuser-museen.de\/index.php?rest_route=%2Fwp%2Fv2%2Fcomments&post=1099"}],"version-history":[{"count":1,"href":"https:\/\/www.freundeskreis-muehlhaeuser-museen.de\/index.php?rest_route=\/wp\/v2\/posts\/1099\/revisions"}],"predecessor-version":[{"id":1100,"href":"https:\/\/www.freundeskreis-muehlhaeuser-museen.de\/index.php?rest_route=\/wp\/v2\/posts\/1099\/revisions\/1100"}],"wp:attachment":[{"href":"https:\/\/www.freundeskreis-muehlhaeuser-museen.de\/index.php?rest_route=%2Fwp%2Fv2%2Fmedia&parent=1099"}],"wp:term":[{"taxonomy":"category","embeddable":true,"href":"https:\/\/www.freundeskreis-muehlhaeuser-museen.de\/index.php?rest_route=%2Fwp%2Fv2%2Fcategories&post=1099"},{"taxonomy":"post_tag","embeddable":true,"href":"https:\/\/www.freundeskreis-muehlhaeuser-museen.de\/index.php?rest_route=%2Fwp%2Fv2%2Ftags&post=1099"}],"curies":[{"name":"wp","href":"https:\/\/api.w.org\/{rel}","templated":true}]}}